{"id":8919,"date":"2021-07-30T07:57:09","date_gmt":"2021-07-30T12:57:09","guid":{"rendered":"https:\/\/arzatenoticias.com\/?p=8919"},"modified":"2021-07-30T07:57:10","modified_gmt":"2021-07-30T12:57:10","slug":"agosto-regreso-a-clases","status":"publish","type":"post","link":"https:\/\/arzatenoticias.com\/2021\/07\/30\/agosto-regreso-a-clases\/","title":{"rendered":"Agosto, regreso a clases"},"content":{"rendered":"\n<p><strong>*Pandemia en apogeo&nbsp;<\/strong><\/p>\n\n\n\n<p><strong>*\u201cTruene o relampaguee, AMLO&nbsp;<\/strong><\/p>\n\n\n\n<p>\u201cHay que abrazarse, no pasa nada\u201d, \u201cMiren, lo del coronavirus, eso de que no se puede uno abrazar;&nbsp;hay que abrazarse, no pasa nada, o sea, y as\u00ed, o sea, nada de confrontaci\u00f3n, de pleito\u201d, dijo L\u00f3pez Obrador. Expres\u00f3 airoso e irresponsable el mandatario el&nbsp;03 de abril de 2020.&nbsp;<\/p>\n\n\n\n<p>Y, la resistencia a utilizar la prevenci\u00f3n del cubre boca, apoyado por la frase falas y oficiosa de Hugo L\u00f3pez Gattel, que no era contagioso por su fuerza moral, patra\u00f1as m\u00e1s que nocivas y criminales de representantes gubernamentales que deber\u00edan ser ejemplo de disciplina.&nbsp;<\/p>\n\n\n\n<p>Ahora, otra impertinencia:&nbsp;asegur\u00f3 que mantendr\u00e1 su postura sobre el&nbsp;regreso de las clases presenciales&nbsp;el 30 de agosto, pese de la pandemia, pues insisti\u00f3 en que son indispensables,&nbsp;sin importar que la mayor\u00eda de la poblaci\u00f3n est\u00e9 en contra&nbsp;de la medida. Lo mesurado es esperar las condiciones para esa fecha.&nbsp;<\/p>\n\n\n\n<p>En este caso, desprecia el sentir de la poblaci\u00f3n y sobre su inconformidad y temor reitera su decisi\u00f3n, cuando la mal llamada Tercera Ola del Covid est\u00e1 en pleno apogeo doblegando a j\u00f3venes escolares y reunirlos en lugares cerrados del aula, los contagios se incrementar\u00edan.&nbsp;<\/p>\n\n\n\n<p>Hasta los ignorantes aprenden de sus fallas, desaciertos y errores, pero en el caso que nos ocupa es preocupante la necedad de imponer un criterio inapropiado por el reciente repunte del virus.&nbsp;<\/p>\n\n\n\n<p>La ola de COVID-19 en territorio mexicano afecta en mayor proporci\u00f3n a j\u00f3venes y no vacunados, con una edad media de casos de 38 a\u00f1os y de 50 a\u00f1os para hospitalizados, alert\u00f3 este martes el Gobierno, que ha defendido su plan de vacunaci\u00f3n. Los m\u00e1s atacados ahora son los j\u00f3venes de 18 a\u00f1os para abajo.&nbsp;<\/p>\n\n\n\n<p>M\u00e9xico registr\u00f3 68.637 contagios la semana pasada, un incremento semanal de nuevos casos mayor al 36 %, mientras que las muertes se acercan a un promedio de 200 al d\u00eda, de acuerdo con los datos oficiales de la Secretar\u00eda de Salud.&nbsp;<\/p>\n\n\n\n<p>En su ma\u00f1anera en Palacio Nacional, L\u00f3pez Obrador hizo un llamado al sindicato de maestros para que&nbsp;apoye en el retorno a clases presenciales, tras destacar que M\u00e9xico es uno de los pa\u00edses que han mantenido las escuelas cerradas por m\u00e1s tiempo ante la pandemia. No estamos en competencia, es nuestra realidad.&nbsp;<\/p>\n\n\n\n<p>&#8220;Eso es en todo el mundo, vamos a suponer, aceptando sin conceder es porque no est\u00e1n vacunados los ni\u00f1os, en el mundo y M\u00e9xico con Bangladesh es el pa\u00eds que lleva m\u00e1s tiempo con escuelas cerradas.&nbsp;<\/p>\n\n\n\n<p>&#8220;No me importa que la mayor\u00eda est\u00e9 pensando en no regresar, sostendr\u00e9 que es indispensable se regrese a clases por el bien de los ni\u00f1os y adolescentes, de los los padres, por el bien de todos, por el bien de la educaci\u00f3n, del desarrollo del pa\u00eds&#8221;, dijo.&nbsp;<\/p>\n\n\n\n<p>&#8220;Llueva, truene o relampaguee&#8221;, se regresar\u00e1 a clases presenciales en agosto, ha reiterado con frecuencia. \u00bfA poco la frase no es imperativa, absolutista, impositiva y caprichosa? La salud es definitivamente primero.&nbsp;&nbsp;<a href=\"mailto:rrrart2000@hotmail.com\" target=\"_blank\" rel=\"noreferrer noopener\">rrrart2000@hotmail.com<\/a>&nbsp;y <em>Facebook<\/em><\/p>\n","protected":false},"excerpt":{"rendered":"<p>*Pandemia en apogeo&nbsp; *\u201cTruene o relampaguee, AMLO&nbsp; \u201cHay que abrazarse, no pasa nada\u201d, \u201cMiren, lo del coronavirus, eso de que no se puede uno abrazar;&nbsp;hay que abrazarse, no pasa nada, o sea, y as\u00ed, o sea, nada de confrontaci\u00f3n, de pleito\u201d, dijo L\u00f3pez Obrador. Expres\u00f3 airoso e irresponsable el mandatario el&nbsp;03 de abril de 2020.&nbsp; [&hellip;]<\/p>\n","protected":false},"author":13,"featured_media":0,"comment_status":"open","ping_status":"closed","sticky":false,"template":"","format":"standard","meta":{"footnotes":""},"categories":[180],"tags":[],"class_list":["post-8919","post","type-post","status-publish","format-standard","hentry","category-opinion"],"_links":{"self":[{"href":"https:\/\/arzatenoticias.com\/wp-json\/wp\/v2\/posts\/8919","targetHints":{"allow":["GET"]}}],"collection":[{"href":"https:\/\/arzatenoticias.com\/wp-json\/wp\/v2\/posts"}],"about":[{"href":"https:\/\/arzatenoticias.com\/wp-json\/wp\/v2\/types\/post"}],"author":[{"embeddable":true,"href":"https:\/\/arzatenoticias.com\/wp-json\/wp\/v2\/users\/13"}],"replies":[{"embeddable":true,"href":"https:\/\/arzatenoticias.com\/wp-json\/wp\/v2\/comments?post=8919"}],"version-history":[{"count":1,"href":"https:\/\/arzatenoticias.com\/wp-json\/wp\/v2\/posts\/8919\/revisions"}],"predecessor-version":[{"id":8921,"href":"https:\/\/arzatenoticias.com\/wp-json\/wp\/v2\/posts\/8919\/revisions\/8921"}],"wp:attachment":[{"href":"https:\/\/arzatenoticias.com\/wp-json\/wp\/v2\/media?parent=8919"}],"wp:term":[{"taxonomy":"category","embeddable":true,"href":"https:\/\/arzatenoticias.com\/wp-json\/wp\/v2\/categories?post=8919"},{"taxonomy":"post_tag","embeddable":true,"href":"https:\/\/arzatenoticias.com\/wp-json\/wp\/v2\/tags?post=8919"}],"curies":[{"name":"wp","href":"https:\/\/api.w.org\/{rel}","templated":true}]}}