{"id":8820,"date":"2021-07-26T08:55:12","date_gmt":"2021-07-26T13:55:12","guid":{"rendered":"https:\/\/arzatenoticias.com\/?p=8820"},"modified":"2021-07-26T09:02:32","modified_gmt":"2021-07-26T14:02:32","slug":"memexico-lindo-y-4","status":"publish","type":"post","link":"https:\/\/arzatenoticias.com\/2021\/07\/26\/memexico-lindo-y-4\/","title":{"rendered":"Mem\u00e9xico lindo y\u2026"},"content":{"rendered":"\n<p>La obligaci\u00f3n de los gobiernos del mundo, sin importar la ideolog\u00eda pol\u00edtica a la que pertenezcan, es garantizar la seguridad de todos los integrantes de su comunidad. No se puede entender y sostener a un gobierno que no cumpla con este requisito m\u00ednimo e indispensable en toda sociedad moderna que se jacte de serlo.<\/p>\n\n\n\n<p>Cuando los gobiernos fallan en cumplir esta garant\u00eda se crea un descontento social que a la larga puede resultar en movimientos \u201cciudadanos\u201d peligrosos que atentan en contra de la tranquilidad de los propios habitantes de diversas localidades.<\/p>\n\n\n\n<p>Ante la falta de respuesta de los gobiernos para garantizar la seguridad es que, desde hace a\u00f1os en algunos pa\u00edses, incluido M\u00e9xico, han surgido grupos que pretenden tomar la justicia por propia mano.<\/p>\n\n\n\n<p>Desde hace semanas, en nuestro pa\u00eds, espec\u00edficamente en los estados de Chiapas, Guerrero y Michoac\u00e1n, han surgido grupos de \u201cciudadanos\u201d que se hacen llamar \u201cautodefensas\u201d, los cuales toman las armas (de alto calibre, por cierto), fortifican sus comunidades y limitan el paso de la poblaci\u00f3n, atentando en contra de uno de los derechos fundamentales de todo mexicano: el libre tr\u00e1nsito por el territorio nacional.<\/p>\n\n\n\n<p>El nacimiento de estas \u201cautodefensas\u201d se da bajo el pretexto de la ineficacia del gobierno mexicano para combatir y erradicar a la delincuencia organizada, la cual hace presa a los habitantes de algunas comunidades de estas entidades, oblig\u00e1ndolos incluso a formar parte del propio crimen organizado.<\/p>\n\n\n\n<p>El problema se agrava cuando la estrategia gubernamental a nivel federal se basa en la idea de \u201cabrazos no balazos\u201d, tal y como lo propone la pol\u00edtica en seguridad del presidente L\u00f3pez Obrador. Tampoco se soluciona ech\u00e1ndole la culpa a gobiernos anteriores, que de igual forma no hicieron el trabajo para garantizar la seguridad ciudadana.<\/p>\n\n\n\n<p>La soluci\u00f3n, primero, est\u00e1 en aceptar que los tres a\u00f1os de gobierno morenista han sido los m\u00e1s violentos desde que se lleva un registro en materia de seguridad. Un ejemplo, de acuerdo con el Secretariado Ejecutivo del Sistema Nacional de Seguridad P\u00fablica, es que el a\u00f1o 2019 fue el m\u00e1s violento de toda la historia en M\u00e9xico con m\u00e1s de 35 mil 600 homicidios.<\/p>\n\n\n\n<p>Otro dato, seg\u00fan la Secretar\u00eda de Gobernaci\u00f3n: de 2006 a la fecha hay cerca de 90 mil casos de personas desaparecidas; de ellos, uno de cada cuatro ha sucedido durante el gobierno de L\u00f3pez Obrador.<\/p>\n\n\n\n<p>Cuando el presidente reconozca esta informaci\u00f3n y deje de calificar a estos ciudadanos, cansados de la violencia en sus municipios, como delincuentes o caciques se dar\u00e1 el primer paso para trabajar en una estrategia social, financiera y de combate al crimen que de verdad erradique este mal social que tanto da\u00f1o hace al pa\u00eds.<\/p>\n\n\n\n<p>Hay problemas muy graves se\u00f1or presidente y usted s\u00f3lo pierde el tiempo en consultas que no van a llegar a ning\u00fan lado y que solamente le sirven para distraer a la poblaci\u00f3n de la ineficacia de su gobierno.<\/p>\n","protected":false},"excerpt":{"rendered":"<p>La obligaci\u00f3n de los gobiernos del mundo, sin importar la ideolog\u00eda pol\u00edtica a la que pertenezcan, es garantizar la seguridad de todos los integrantes de su comunidad. No se puede entender y sostener a un gobierno que no cumpla con este requisito m\u00ednimo e indispensable en toda sociedad moderna que se jacte de serlo. Cuando [&hellip;]<\/p>\n","protected":false},"author":16,"featured_media":0,"comment_status":"open","ping_status":"closed","sticky":false,"template":"","format":"standard","meta":{"footnotes":""},"categories":[180],"tags":[276,494,493],"class_list":["post-8820","post","type-post","status-publish","format-standard","hentry","category-opinion","tag-amlo","tag-secretariadeseguridadciudadana","tag-seguridad"],"_links":{"self":[{"href":"https:\/\/arzatenoticias.com\/wp-json\/wp\/v2\/posts\/8820","targetHints":{"allow":["GET"]}}],"collection":[{"href":"https:\/\/arzatenoticias.com\/wp-json\/wp\/v2\/posts"}],"about":[{"href":"https:\/\/arzatenoticias.com\/wp-json\/wp\/v2\/types\/post"}],"author":[{"embeddable":true,"href":"https:\/\/arzatenoticias.com\/wp-json\/wp\/v2\/users\/16"}],"replies":[{"embeddable":true,"href":"https:\/\/arzatenoticias.com\/wp-json\/wp\/v2\/comments?post=8820"}],"version-history":[{"count":1,"href":"https:\/\/arzatenoticias.com\/wp-json\/wp\/v2\/posts\/8820\/revisions"}],"predecessor-version":[{"id":8822,"href":"https:\/\/arzatenoticias.com\/wp-json\/wp\/v2\/posts\/8820\/revisions\/8822"}],"wp:attachment":[{"href":"https:\/\/arzatenoticias.com\/wp-json\/wp\/v2\/media?parent=8820"}],"wp:term":[{"taxonomy":"category","embeddable":true,"href":"https:\/\/arzatenoticias.com\/wp-json\/wp\/v2\/categories?post=8820"},{"taxonomy":"post_tag","embeddable":true,"href":"https:\/\/arzatenoticias.com\/wp-json\/wp\/v2\/tags?post=8820"}],"curies":[{"name":"wp","href":"https:\/\/api.w.org\/{rel}","templated":true}]}}