{"id":8660,"date":"2021-07-16T18:25:52","date_gmt":"2021-07-16T23:25:52","guid":{"rendered":"https:\/\/arzatenoticias.com\/?p=8660"},"modified":"2021-07-16T18:25:53","modified_gmt":"2021-07-16T23:25:53","slug":"mexico-participa-en-el-retiro-informal-de-lideres-economicos-de-apec-sobre-covid-19","status":"publish","type":"post","link":"https:\/\/arzatenoticias.com\/2021\/07\/16\/mexico-participa-en-el-retiro-informal-de-lideres-economicos-de-apec-sobre-covid-19\/","title":{"rendered":"M\u00e9xico participa en el Retiro Informal de L\u00edderes Econ\u00f3micos de APEC sobre COVID-19"},"content":{"rendered":"\n<p>Ciudad de M\u00e9xico, 16 de julio, 2021.- Este viernes, se realiz\u00f3 por primera vez el Retiro Informal de L\u00edderes Econ\u00f3micos del Foro de Cooperaci\u00f3n Econ\u00f3mica de Asia Pac\u00edfico (APEC) sobre COVID-19, encabezado por la primera ministra de Nueva Zelandia, Jacinda Ardern. La secretaria de Econom\u00eda, Tatiana Clouthier, particip\u00f3 en representaci\u00f3n del presidente de M\u00e9xico, Andr\u00e9s Manuel L\u00f3pez Obrador.<\/p>\n\n\n\n<p>Como resultado de la Reuni\u00f3n, los l\u00edderes de las 21 econom\u00edas de APEC adoptaron la declaraci\u00f3n titulada \u201cSuperando el COVID-19 y acelerando la recuperaci\u00f3n econ\u00f3mica\u201d, la cual recoge el compromiso de coordinar una respuesta colectiva con el fin de mitigar el impacto econ\u00f3mico y sanitario ocasionado por la pandemia de COVID-19; incentivar el comercio y las inversiones; promover un crecimiento sustentable, innovador e incluyente; fortalecer la participaci\u00f3n econ\u00f3mica de las mujeres y las micro, peque\u00f1as y medianas empresas en la era digital. Adem\u00e1s, reconoce a la Organizaci\u00f3n Mundial del Comercio como un respaldo fundamental en la recuperaci\u00f3n econ\u00f3mica y sanitaria.<\/p>\n\n\n\n<p>Durante su intervenci\u00f3n, la secretaria Tatiana Clouthier mencion\u00f3 que la regi\u00f3n de Asia &#8211; Pac\u00edfico debe enfocar sus esfuerzos en fortalecer la red de seguridad social para mejorar la vida de los grupos m\u00e1s vulnerables; impulsar la participaci\u00f3n laboral de las mujeres para lograr una recuperaci\u00f3n inclusiva y fortalecer el sistema multilateral de comercio.<\/p>\n\n\n\n<p>Asimismo, destac\u00f3 la importancia del comercio digital en la mitigaci\u00f3n de las consecuencias de COVID-19, sin dejar de lado la sustentabilidad para sentar las bases para un mejor futuro.<\/p>\n\n\n\n<p>Declaraci\u00f3n de los l\u00edderes econ\u00f3micos de APEC: Superando el COVID-19 y acelerando la recuperaci\u00f3n econ\u00f3mica: https:\/\/www.apec.org\/Meeting-Papers\/Leaders-Declarations\/2021\/2021_ILR<\/p>\n\n\n\n<p><\/p>\n","protected":false},"excerpt":{"rendered":"<p>Ciudad de M\u00e9xico, 16 de julio, 2021.- Este viernes, se realiz\u00f3 por primera vez el Retiro Informal de L\u00edderes Econ\u00f3micos del Foro de Cooperaci\u00f3n Econ\u00f3mica de Asia Pac\u00edfico (APEC) sobre COVID-19, encabezado por la primera ministra de Nueva Zelandia, Jacinda Ardern. La secretaria de Econom\u00eda, Tatiana Clouthier, particip\u00f3 en representaci\u00f3n del presidente de M\u00e9xico, Andr\u00e9s [&hellip;]<\/p>\n","protected":false},"author":2,"featured_media":0,"comment_status":"open","ping_status":"closed","sticky":false,"template":"","format":"standard","meta":{"footnotes":""},"categories":[174],"tags":[],"class_list":["post-8660","post","type-post","status-publish","format-standard","hentry","category-negocios"],"_links":{"self":[{"href":"https:\/\/arzatenoticias.com\/wp-json\/wp\/v2\/posts\/8660","targetHints":{"allow":["GET"]}}],"collection":[{"href":"https:\/\/arzatenoticias.com\/wp-json\/wp\/v2\/posts"}],"about":[{"href":"https:\/\/arzatenoticias.com\/wp-json\/wp\/v2\/types\/post"}],"author":[{"embeddable":true,"href":"https:\/\/arzatenoticias.com\/wp-json\/wp\/v2\/users\/2"}],"replies":[{"embeddable":true,"href":"https:\/\/arzatenoticias.com\/wp-json\/wp\/v2\/comments?post=8660"}],"version-history":[{"count":1,"href":"https:\/\/arzatenoticias.com\/wp-json\/wp\/v2\/posts\/8660\/revisions"}],"predecessor-version":[{"id":8662,"href":"https:\/\/arzatenoticias.com\/wp-json\/wp\/v2\/posts\/8660\/revisions\/8662"}],"wp:attachment":[{"href":"https:\/\/arzatenoticias.com\/wp-json\/wp\/v2\/media?parent=8660"}],"wp:term":[{"taxonomy":"category","embeddable":true,"href":"https:\/\/arzatenoticias.com\/wp-json\/wp\/v2\/categories?post=8660"},{"taxonomy":"post_tag","embeddable":true,"href":"https:\/\/arzatenoticias.com\/wp-json\/wp\/v2\/tags?post=8660"}],"curies":[{"name":"wp","href":"https:\/\/api.w.org\/{rel}","templated":true}]}}