{"id":845,"date":"2020-06-11T19:18:48","date_gmt":"2020-06-12T00:18:48","guid":{"rendered":"http:\/\/arzatenoticias.com\/?p=845"},"modified":"2020-06-11T19:18:50","modified_gmt":"2020-06-12T00:18:50","slug":"debe-ser-mas-audaz-la-banca-de-desarrollo-para-apoyar-a-paises-frente-a-crisis-del-covid-19-cepal","status":"publish","type":"post","link":"https:\/\/arzatenoticias.com\/2020\/06\/11\/debe-ser-mas-audaz-la-banca-de-desarrollo-para-apoyar-a-paises-frente-a-crisis-del-covid-19-cepal\/","title":{"rendered":"Debe ser m\u00e1s audaz la banca de desarrollo para apoyar a pa\u00edses frente a crisis del COVID-19: CEPAL"},"content":{"rendered":"\n<p>La liquidez disponible es insuficiente para responder a las necesidades de financiamiento para atender los efectos de la pandemia del COVID-19 a nivel global. Por ello, los bancos de desarrollo subregionales en Am\u00e9rica Latina deben tomar medidas m\u00e1s audaces, ya que juegan un rol fundamental en esta tarea, indic\u00f3 hoy Alicia B\u00e1rcena, Secretaria Ejecutiva de la Comisi\u00f3n Econ\u00f3mica para Am\u00e9rica Latina y el Caribe (CEPAL).<\/p>\n\n\n\n<p>Durante el evento&nbsp;<a href=\"https:\/\/www.caf.com\/caf50\" target=\"_blank\" rel=\"noreferrer noopener\">\u201cClaves para repensar el presente y futuro de Am\u00e9rica Latina\u201d<\/a> celebrado a prop\u00f3sito del 50 aniversario del CAF Banco de Desarrollo de Am\u00e9rica Latina, la &nbsp;Secretaria Ejecutiva de la CEPAL se\u00f1al\u00f3 que Am\u00e9rica Latina y el Caribe est\u00e1 siendo duramente golpeada por el COVID-19.<\/p>\n\n\n\n<p>Indic\u00f3 que mientras los pa\u00edses del este de Asia y Europa est\u00e1n gradualmente planificando la reapertura de sus econom\u00edas, en Am\u00e9rica Latina y el Caribe nos preguntamos si lo peor de la pandemia est\u00e1 por venir.<\/p>\n\n\n\n<p>Record\u00f3 que el COVID-19 est\u00e1 dando lugar a la peor recesi\u00f3n del \u00faltimo siglo, con al menos una contracci\u00f3n del 5.3% en el PIB y los principales impactos sociales prev\u00e9n un aumento de la pobreza de 29 millones de personas (16 millones de pobreza extrema) y un crecimiento del desempleo de al menos 12 millones de trabajadores.<\/p>\n\n\n\n<p>\u201cNo queremos otra d\u00e9cada perdida. Esta crisis nos puede llevar a un retroceso de 13 a\u00f1os en la regi\u00f3n. Estamos enfrentando una mercantilizaci\u00f3n de los servicios, una fragmentaci\u00f3n total de los servicios de salud. Estamos ante el&nbsp;<em>peak<\/em>&nbsp;de la pandemia. Nos ha mostrado una situaci\u00f3n de grandes desaf\u00edos estructurales y nos preocupa que la regi\u00f3n puede salir de esta crisis m\u00e1s pobre, con m\u00e1s desempleo y m\u00e1s enojada\u201d, declar\u00f3 B\u00e1rcena.<\/p>\n\n\n\n<p>La comunidad internacional no ha comprendido adecuadamente la situaci\u00f3n de los pa\u00edses de ingreso medio, dentro de los cuales de encuentran la mayor\u00eda de las naciones de Am\u00e9rica Latina y el Caribe. \u201c\u00c9stos han reorientado sus presupuestos para enfentar la crisis, pero eso no va ser suficiente porque no todos tienen las espaldas financieras. Por eso el papel de la banca de desarrollo es fundamental\u201d, insisti\u00f3.<\/p>\n\n\n\n<p>El COVID-19 ha profundizado el debilitamiento de la cooperaci\u00f3n internacional y del multilateralismo que se observa hace ya algunos a\u00f1os. En ese escenario, la integraci\u00f3n regional est\u00e1 llamada a desempe\u00f1ar un rol clave en las estrategias de salida de la crisis para Am\u00e9rica Latina y el Caribe, profundiz\u00f3 B\u00e1rcena. Un mercado m\u00e1s integrado de 650 millones de habitantes constituir\u00eda un importante seguro frente a perturbaciones de oferta o de demanda generadas fuera de la regi\u00f3n, como ha sido el COVID-19, indic\u00f3.<\/p>\n\n\n\n<p>Agreg\u00f3 que esta crisis nos golpea en una estructura productiva y empresarial con muchas debilidades, con una heterogeneidad estructural que ha sido terrible para la regi\u00f3n. Como ejemplo, se\u00f1al\u00f3 que aproximadamente 2.6 millones de empresas formales cerrar\u00edan en Am\u00e9rica Latina y el Caribe, regi\u00f3n que tiene un 54% de informalidad laboral.<\/p>\n\n\n\n<p>En el evento participaron Luis Carranza, Presidente Ejecutivo de CAF; Joseph E. Stiglitz, Profesor de la Universidad de Columbia y ganador del Premio Nobel de Econom\u00eda 2001; \u00c1ngel Gurr\u00eda, Secretario General de la Organizaci\u00f3n para la Cooperaci\u00f3n y el Desarrollo Econ\u00f3micos (OCDE); y Enrique Iglesias, ex Secretario General Iberoamericano (SEGIB), ex Presidente del Banco Interamericano de Desarrollo (BID) y ex Secretario Ejecutivo de la CEPAL (1972-1985).&nbsp;<\/p>\n","protected":false},"excerpt":{"rendered":"<p>La liquidez disponible es insuficiente para responder a las necesidades de financiamiento para atender los efectos de la pandemia del COVID-19 a nivel global. Por ello, los bancos de desarrollo subregionales en Am\u00e9rica Latina deben tomar medidas m\u00e1s audaces, ya que juegan un rol fundamental en esta tarea, indic\u00f3 hoy Alicia B\u00e1rcena, Secretaria Ejecutiva de [&hellip;]<\/p>\n","protected":false},"author":2,"featured_media":0,"comment_status":"open","ping_status":"closed","sticky":false,"template":"","format":"standard","meta":{"footnotes":""},"categories":[174],"tags":[],"class_list":["post-845","post","type-post","status-publish","format-standard","hentry","category-negocios"],"_links":{"self":[{"href":"https:\/\/arzatenoticias.com\/wp-json\/wp\/v2\/posts\/845","targetHints":{"allow":["GET"]}}],"collection":[{"href":"https:\/\/arzatenoticias.com\/wp-json\/wp\/v2\/posts"}],"about":[{"href":"https:\/\/arzatenoticias.com\/wp-json\/wp\/v2\/types\/post"}],"author":[{"embeddable":true,"href":"https:\/\/arzatenoticias.com\/wp-json\/wp\/v2\/users\/2"}],"replies":[{"embeddable":true,"href":"https:\/\/arzatenoticias.com\/wp-json\/wp\/v2\/comments?post=845"}],"version-history":[{"count":1,"href":"https:\/\/arzatenoticias.com\/wp-json\/wp\/v2\/posts\/845\/revisions"}],"predecessor-version":[{"id":848,"href":"https:\/\/arzatenoticias.com\/wp-json\/wp\/v2\/posts\/845\/revisions\/848"}],"wp:attachment":[{"href":"https:\/\/arzatenoticias.com\/wp-json\/wp\/v2\/media?parent=845"}],"wp:term":[{"taxonomy":"category","embeddable":true,"href":"https:\/\/arzatenoticias.com\/wp-json\/wp\/v2\/categories?post=845"},{"taxonomy":"post_tag","embeddable":true,"href":"https:\/\/arzatenoticias.com\/wp-json\/wp\/v2\/tags?post=845"}],"curies":[{"name":"wp","href":"https:\/\/api.w.org\/{rel}","templated":true}]}}