{"id":7127,"date":"2021-05-04T10:59:02","date_gmt":"2021-05-04T15:59:02","guid":{"rendered":"https:\/\/arzatenoticias.com\/?p=7127"},"modified":"2021-05-04T11:01:33","modified_gmt":"2021-05-04T16:01:33","slug":"mayo-con-causa-reactivaria-economia-de-pymes-manana-cierre-de-inscripciones","status":"publish","type":"post","link":"https:\/\/arzatenoticias.com\/2021\/05\/04\/mayo-con-causa-reactivaria-economia-de-pymes-manana-cierre-de-inscripciones\/","title":{"rendered":"Mayo con Causa, reactivar\u00eda econom\u00eda de Pymes; ma\u00f1ana cierre de inscripciones"},"content":{"rendered":"\n<p><em>Ciudad de M\u00e9xico, 04 de mayo 2021.-<\/em>El comit\u00e9 organizador de&nbsp;<em>Mayo con Causa<\/em>&nbsp;invit\u00f3 a los comercios mexicanos a no perder la oportunidad de inscribirse en el programa y anunci\u00f3 que el mi\u00e9rcoles 5 de mayo es la fecha de cierre de registro, para que los comercios interesados en crear o mejorar su tienda digital, acudan al portal&nbsp;<a href=\"https:\/\/laboladepapel.us15.list-manage.com\/track\/click?u=136647c6743e0555cff543723&amp;id=bb0621e24d&amp;e=e4a2cedb43\" target=\"_blank\" rel=\"noreferrer noopener\">www.mayoconcausa.mx<\/a>, y den de alta sus negocios, para participar en el evento.<\/p>\n\n\n\n<p>Mayo con Causa es una campa\u00f1a nacional de ventas digitales que, siguiendo el modelo de trabajo de El Buen Fin, pone a disposici\u00f3n de los comercios suscritos, de manera totalmente gratuita, informaci\u00f3n, asesor\u00eda y tutoriales sobre c\u00f3mo iniciar o mejorar una tienda electr\u00f3nica, administrarla y hacer campa\u00f1as de marketing digital.<\/p>\n\n\n\n<p>En caso de que un negocio no disponga de tienda digital, recibir\u00e1 la orientaci\u00f3n necesaria para conocer los requisitos y procedimientos para unirse de manera r\u00e1pida, a alguno de los marketplaces aliados del programa.<\/p>\n\n\n\n<p>Los comercios registrados figurar\u00e1n en el portal de&nbsp;<a href=\"https:\/\/laboladepapel.us15.list-manage.com\/track\/click?u=136647c6743e0555cff543723&amp;id=bdab78ac92&amp;e=e4a2cedb43\" target=\"_blank\" rel=\"noreferrer noopener\"><em>Mayo con Causa<\/em><\/a>&nbsp;clasificados por categor\u00edas, para que los consumidores puedan llegar f\u00e1cilmente con las ofertas y promociones que cada comerciante defina para esta temporada, que se realizar\u00e1 entre el 17 y el 23 de mayo de este a\u00f1o.<\/p>\n\n\n\n<p>Unos d\u00edas previos al inicio de la campa\u00f1a de ventas, el comit\u00e9 organizador y los organismos y empresas aliados emprender\u00e1n una campa\u00f1a promocional de la iniciativa, a trav\u00e9s de sus canales de redes sociales y otras herramientas de comunicaci\u00f3n p\u00fablica. Cada comercio se podr\u00e1 sumar a esta campa\u00f1a a trav\u00e9s de sus propios canales digitales.<\/p>\n\n\n\n<p>El grupo de m\u00e1s de 15 organizaciones y empresas aliadas a Mayo con Causa est\u00e1 compuesto por la Secretar\u00eda de Econom\u00eda, PROFECO, CONCANACO-SERVITUR, el Consejo Coordinador EMPRESARIAL (CCE) y la Asociaci\u00f3n de Internet MX, quienes est\u00e1n aportando la orientaci\u00f3n normativa y especializada para sumar a sus comunidades empresariales.<\/p>\n\n\n\n<p>Tambi\u00e9n trabajan con el programa la CANACINTRA, COFOCE, el Consejo de la Comunicaci\u00f3n y la Fundaci\u00f3n Wadhwani, qui\u00e9nes aportan informaci\u00f3n y capacitaci\u00f3n empresarial para facilitar a las empresas una participaci\u00f3n m\u00e1s positiva en la campa\u00f1a.<\/p>\n\n\n\n<p>En el comit\u00e9 organizador figuran empresas l\u00edderes en el terreno del comercio digital: Amazon, Didi Food, Google, OCCMundial, Vale Pay y Alibab\u00e1, para complementar con sus propios tutoriales y campa\u00f1as promocionales, en beneficio de los comercios inscritos. Todos ellos est\u00e1n coordinados por&nbsp;<em>eLeaders<\/em>, el club de ejecutivos de comercio electr\u00f3nico.<\/p>\n\n\n\n<p>En su edici\u00f3n 2020, lanzada para reactivar la econom\u00eda de las PYMES en el inicio de la emergencia,&nbsp;<a rel=\"noreferrer noopener\" href=\"https:\/\/laboladepapel.us15.list-manage.com\/track\/click?u=136647c6743e0555cff543723&amp;id=41e692543c&amp;e=e4a2cedb43\" target=\"_blank\"><em>Mayo con Causa<\/em><\/a>&nbsp;logr\u00f3 la inscripci\u00f3n de m\u00e1s de mil comercios. <\/p>\n\n\n\n<p>Para esta segunda edici\u00f3n se busca recuperar las experiencias del a\u00f1o pasado y acelerar la inclusi\u00f3n digital del comercio mexicano, de forma organizada, \u00e9tica y neutral, en beneficio de las empresas peque\u00f1as y medianas del pa\u00eds. La meta es alcanzar a m\u00e1s de tres mil registros.<\/p>\n","protected":false},"excerpt":{"rendered":"<p>Ciudad de M\u00e9xico, 04 de mayo 2021.-El comit\u00e9 organizador de&nbsp;Mayo con Causa&nbsp;invit\u00f3 a los comercios mexicanos a no perder la oportunidad de inscribirse en el programa y anunci\u00f3 que el mi\u00e9rcoles 5 de mayo es la fecha de cierre de registro, para que los comercios interesados en crear o mejorar su tienda digital, acudan al [&hellip;]<\/p>\n","protected":false},"author":2,"featured_media":0,"comment_status":"open","ping_status":"closed","sticky":false,"template":"","format":"standard","meta":{"footnotes":""},"categories":[174],"tags":[60,435],"class_list":["post-7127","post","type-post","status-publish","format-standard","hentry","category-negocios","tag-featured","tag-mayoconcausa"],"_links":{"self":[{"href":"https:\/\/arzatenoticias.com\/wp-json\/wp\/v2\/posts\/7127","targetHints":{"allow":["GET"]}}],"collection":[{"href":"https:\/\/arzatenoticias.com\/wp-json\/wp\/v2\/posts"}],"about":[{"href":"https:\/\/arzatenoticias.com\/wp-json\/wp\/v2\/types\/post"}],"author":[{"embeddable":true,"href":"https:\/\/arzatenoticias.com\/wp-json\/wp\/v2\/users\/2"}],"replies":[{"embeddable":true,"href":"https:\/\/arzatenoticias.com\/wp-json\/wp\/v2\/comments?post=7127"}],"version-history":[{"count":2,"href":"https:\/\/arzatenoticias.com\/wp-json\/wp\/v2\/posts\/7127\/revisions"}],"predecessor-version":[{"id":7132,"href":"https:\/\/arzatenoticias.com\/wp-json\/wp\/v2\/posts\/7127\/revisions\/7132"}],"wp:attachment":[{"href":"https:\/\/arzatenoticias.com\/wp-json\/wp\/v2\/media?parent=7127"}],"wp:term":[{"taxonomy":"category","embeddable":true,"href":"https:\/\/arzatenoticias.com\/wp-json\/wp\/v2\/categories?post=7127"},{"taxonomy":"post_tag","embeddable":true,"href":"https:\/\/arzatenoticias.com\/wp-json\/wp\/v2\/tags?post=7127"}],"curies":[{"name":"wp","href":"https:\/\/api.w.org\/{rel}","templated":true}]}}