{"id":5900,"date":"2021-03-01T12:55:57","date_gmt":"2021-03-01T18:55:57","guid":{"rendered":"https:\/\/arzatenoticias.com\/?p=5900"},"modified":"2021-03-01T12:56:52","modified_gmt":"2021-03-01T18:56:52","slug":"incrementa-confianza-de-sector-empresarial-mexicano","status":"publish","type":"post","link":"https:\/\/arzatenoticias.com\/2021\/03\/01\/incrementa-confianza-de-sector-empresarial-mexicano\/","title":{"rendered":"Incrementa confianza de sector empresarial mexicano"},"content":{"rendered":"\n<p>Ciudad de M\u00e9xico, 1 de marzo 2021.- El Indicador Global de Opini\u00f3n Empresarial de Tendencia (IGOET) que incluye los indicadores de los sectores Manufacturero, Construcci\u00f3n, Comercio y de los Servicios Privados no Financieros, se ubic\u00f3 en 47.8 puntos, con datos originales cifra superior en 0.2 puntos a la de febrero de 2020, inform\u00f3 el Instituto Nacional de Estad\u00edstica y Geograf\u00eda (INEGI).<\/p>\n\n\n\n<p>Explic\u00f3 que los Indicadores Agregados de Tendencia (IAT) se elaboran con los resultados de la Encuesta Mensual de Opini\u00f3n Empresarial (EMOE), y permiten conocer, inmediatamente despu\u00e9s de terminado el mes de referencia, las expectativas y la percepci\u00f3n de los directivos empresariales sobre el comportamiento de variables relevantes de los sectores Manufacturero, Construcci\u00f3n, Comercio y de los Servicios Privados no Financieros.<\/p>\n\n\n\n<p>En su comparaci\u00f3n mensual y con datos ajustados por estacionalidad, el IAT del sector Manufacturero, que complementan las variables de Expectativas Empresariales, se ubic\u00f3 en 50.1 puntos en febrero del a\u00f1o en curso y signific\u00f3 un aumento de 0.3 puntos frente al mes precedente.<\/p>\n\n\n\n<p>En la Construcci\u00f3n, el IAT con series desestacionalizadas se situ\u00f3 en 51.9 puntos, cifra mayor en 0.1 puntos respecto a la de un mes antes.<\/p>\n\n\n\n<p>El Sector Comercio en febrero de este a\u00f1o report\u00f3 un aumento de 2.3 puntos al colocarse en 54.1 puntos con datos ajustados por estacionalidad. Para el mes en cuesti\u00f3n el IAT del Comercio acumula nueve meses consecutivos por arriba del umbral de 50 puntos.<\/p>\n\n\n\n<p>E n el caso del IAT de los Servicios Privados no Financieros se ubic\u00f3 en 45.6 puntos, cuando en febrero de 2020 registro 47.3 puntos lo que origin\u00f3 una contracci\u00f3n de -1.7 puntos.<\/p>\n","protected":false},"excerpt":{"rendered":"<p>Ciudad de M\u00e9xico, 1 de marzo 2021.- El Indicador Global de Opini\u00f3n Empresarial de Tendencia (IGOET) que incluye los indicadores de los sectores Manufacturero, Construcci\u00f3n, Comercio y de los Servicios Privados no Financieros, se ubic\u00f3 en 47.8 puntos, con datos originales cifra superior en 0.2 puntos a la de febrero de 2020, inform\u00f3 el Instituto [&hellip;]<\/p>\n","protected":false},"author":2,"featured_media":0,"comment_status":"open","ping_status":"closed","sticky":false,"template":"","format":"standard","meta":{"footnotes":""},"categories":[174],"tags":[60,326],"class_list":["post-5900","post","type-post","status-publish","format-standard","hentry","category-negocios","tag-featured","tag-inegi"],"_links":{"self":[{"href":"https:\/\/arzatenoticias.com\/wp-json\/wp\/v2\/posts\/5900","targetHints":{"allow":["GET"]}}],"collection":[{"href":"https:\/\/arzatenoticias.com\/wp-json\/wp\/v2\/posts"}],"about":[{"href":"https:\/\/arzatenoticias.com\/wp-json\/wp\/v2\/types\/post"}],"author":[{"embeddable":true,"href":"https:\/\/arzatenoticias.com\/wp-json\/wp\/v2\/users\/2"}],"replies":[{"embeddable":true,"href":"https:\/\/arzatenoticias.com\/wp-json\/wp\/v2\/comments?post=5900"}],"version-history":[{"count":1,"href":"https:\/\/arzatenoticias.com\/wp-json\/wp\/v2\/posts\/5900\/revisions"}],"predecessor-version":[{"id":5902,"href":"https:\/\/arzatenoticias.com\/wp-json\/wp\/v2\/posts\/5900\/revisions\/5902"}],"wp:attachment":[{"href":"https:\/\/arzatenoticias.com\/wp-json\/wp\/v2\/media?parent=5900"}],"wp:term":[{"taxonomy":"category","embeddable":true,"href":"https:\/\/arzatenoticias.com\/wp-json\/wp\/v2\/categories?post=5900"},{"taxonomy":"post_tag","embeddable":true,"href":"https:\/\/arzatenoticias.com\/wp-json\/wp\/v2\/tags?post=5900"}],"curies":[{"name":"wp","href":"https:\/\/api.w.org\/{rel}","templated":true}]}}