{"id":5621,"date":"2021-02-11T14:28:26","date_gmt":"2021-02-11T20:28:26","guid":{"rendered":"https:\/\/arzatenoticias.com\/?p=5621"},"modified":"2021-02-11T14:28:29","modified_gmt":"2021-02-11T20:28:29","slug":"importaciones-mexicanas-de-arandano-no-representan-dano-a-industria-de-eu","status":"publish","type":"post","link":"https:\/\/arzatenoticias.com\/2021\/02\/11\/importaciones-mexicanas-de-arandano-no-representan-dano-a-industria-de-eu\/","title":{"rendered":"Importaciones mexicanas de \u00e1randano no representan da\u00f1o a industria de EU"},"content":{"rendered":"\n<p>Ciudad de M\u00e9xico, 11 de febrero 2021.- La Comisi\u00f3n de Comercio Internacional de Estados Unidos (United States International Trade Commission, USITC) vot\u00f3 hoy en el sentido de que las importaciones de ar\u00e1ndanos azules, incluyendo las provenientes de M\u00e9xico, no representan da\u00f1o grave o amenaza de da\u00f1o grave para la industria de Estados Unidos, lo que demuestra que las exportaciones mexicanas complementan la producci\u00f3n dom\u00e9stica y contribuyen a que los consumidores norteamericanos consuman el producto durante todo el a\u00f1o.<\/p>\n\n\n\n<p>Al respecto, el gobierno de M\u00e9xico expresa su satisfacci\u00f3n por el resultado de la votaci\u00f3n de la USITC en la que se determin\u00f3 que las importaciones de ar\u00e1ndanos azules provenientes de M\u00e9xico no causan da\u00f1o ni amenazan a la industria de EE.UU. El resultado se dio en el marco de la investigaci\u00f3n de salvaguardia global en contra de las importaciones estadounidenses de ar\u00e1ndanos azules.<\/p>\n\n\n\n<p>El Gobierno de M\u00e9xico, por medio de la Secretar\u00eda de Econom\u00eda, la Secretar\u00eda de Agricultura y Desarrollo Rural y la Embajada de M\u00e9xico, se compromete a seguir trabajando de manera coordinada con el Senado de la Rep\u00fablica y el sector privado, representado por el Consejo Nacional Agropecuario y Aneberries, en la defensa de los intereses comerciales de la industria agroalimentaria de M\u00e9xico.<\/p>\n\n\n\n<p>M\u00e9xico reitera su disposici\u00f3n a continuar trabajando estrechamente con sus socios comerciales del T-MEC para fortalecer la integraci\u00f3n productiva de Am\u00e9rica del Norte e impulsar la recuperaci\u00f3n econ\u00f3mica de la regi\u00f3n.<\/p>\n","protected":false},"excerpt":{"rendered":"<p>Ciudad de M\u00e9xico, 11 de febrero 2021.- La Comisi\u00f3n de Comercio Internacional de Estados Unidos (United States International Trade Commission, USITC) vot\u00f3 hoy en el sentido de que las importaciones de ar\u00e1ndanos azules, incluyendo las provenientes de M\u00e9xico, no representan da\u00f1o grave o amenaza de da\u00f1o grave para la industria de Estados Unidos, lo que [&hellip;]<\/p>\n","protected":false},"author":2,"featured_media":0,"comment_status":"open","ping_status":"closed","sticky":false,"template":"","format":"standard","meta":{"footnotes":""},"categories":[174],"tags":[300,60,248,295,299],"class_list":["post-5621","post","type-post","status-publish","format-standard","hentry","category-negocios","tag-arandanosazules","tag-featured","tag-sader","tag-secretariadeeconomia","tag-senadodelarepublica"],"_links":{"self":[{"href":"https:\/\/arzatenoticias.com\/wp-json\/wp\/v2\/posts\/5621","targetHints":{"allow":["GET"]}}],"collection":[{"href":"https:\/\/arzatenoticias.com\/wp-json\/wp\/v2\/posts"}],"about":[{"href":"https:\/\/arzatenoticias.com\/wp-json\/wp\/v2\/types\/post"}],"author":[{"embeddable":true,"href":"https:\/\/arzatenoticias.com\/wp-json\/wp\/v2\/users\/2"}],"replies":[{"embeddable":true,"href":"https:\/\/arzatenoticias.com\/wp-json\/wp\/v2\/comments?post=5621"}],"version-history":[{"count":1,"href":"https:\/\/arzatenoticias.com\/wp-json\/wp\/v2\/posts\/5621\/revisions"}],"predecessor-version":[{"id":5623,"href":"https:\/\/arzatenoticias.com\/wp-json\/wp\/v2\/posts\/5621\/revisions\/5623"}],"wp:attachment":[{"href":"https:\/\/arzatenoticias.com\/wp-json\/wp\/v2\/media?parent=5621"}],"wp:term":[{"taxonomy":"category","embeddable":true,"href":"https:\/\/arzatenoticias.com\/wp-json\/wp\/v2\/categories?post=5621"},{"taxonomy":"post_tag","embeddable":true,"href":"https:\/\/arzatenoticias.com\/wp-json\/wp\/v2\/tags?post=5621"}],"curies":[{"name":"wp","href":"https:\/\/api.w.org\/{rel}","templated":true}]}}