{"id":3839,"date":"2020-10-21T17:56:01","date_gmt":"2020-10-21T22:56:01","guid":{"rendered":"https:\/\/arzatenoticias.com\/?p=3839"},"modified":"2020-10-21T17:58:35","modified_gmt":"2020-10-21T22:58:35","slug":"corte-pone-freno-indefinido-a-politica-electrica-de-sener","status":"publish","type":"post","link":"https:\/\/arzatenoticias.com\/2020\/10\/21\/corte-pone-freno-indefinido-a-politica-electrica-de-sener\/","title":{"rendered":"Corte pone freno indefinido a politica el\u00e9ctrica de la Sener"},"content":{"rendered":"\n<p>Ciudad de M\u00e9xico, 21 de octubre de 2020. La Suprema Corte de Justicia dio a conocer el d\u00eda de hoy la suspensi\u00f3n por tiempo indefinido, de la Pol\u00edtica de Confiabilidad, Seguridad, Continuidad y Calidad en el Sistema El\u00e9ctrico Nacional (SEN), publicada el 15 de mayo por la Secretaria de Energ\u00eda, Roc\u00edo Nahle.<\/p>\n\n\n\n<p>El freno a la pol\u00edtica el\u00e9ctrica se dio por&nbsp;&nbsp;declarar infundado&nbsp;el recurso de reclamaci\u00f3n de la Presidencia contra la controversia que interpuso Cofece.<\/p>\n\n\n\n<p>A trav\u00e9s del consejero Jur\u00eddico de la Presidencia, Julio Scherer, el Ejecutivo federal impugn\u00f3 la suspensi\u00f3n otorgada el 25 de junio por el ministro Luis Mar\u00eda Aguilar, a la Comisi\u00f3n Federal de Competencia Econ\u00f3mica (Cofece)&nbsp;en contra de la implementaci\u00f3n de la pol\u00edtica el\u00e9ctrica.<\/p>\n\n\n\n<p>El \u00f3rgano aut\u00f3nomo argument\u00f3 que la entrada en vigor del acuerdo por el que se emite la Pol\u00edtica de Confiablidad, Seguridad, Continuidad y Calidad en el Sistema El\u00e9ctrico Nacional invade sus atribuciones para regular temas de libre competencia y concurrencia en el sector energ\u00e9tico.<\/p>\n\n\n\n<p>Los ministros de la Sala declararon infundado dicho recurso.<\/p>\n\n\n\n<p>Con informaci\u00f3n de Milenio<\/p>\n","protected":false},"excerpt":{"rendered":"<p>Ciudad de M\u00e9xico, 21 de octubre de 2020. La Suprema Corte de Justicia dio a conocer el d\u00eda de hoy la suspensi\u00f3n por tiempo indefinido, de la Pol\u00edtica de Confiabilidad, Seguridad, Continuidad y Calidad en el Sistema El\u00e9ctrico Nacional (SEN), publicada el 15 de mayo por la Secretaria de Energ\u00eda, Roc\u00edo Nahle. El freno a [&hellip;]<\/p>\n","protected":false},"author":2,"featured_media":0,"comment_status":"open","ping_status":"closed","sticky":false,"template":"","format":"standard","meta":{"footnotes":""},"categories":[174],"tags":[],"class_list":["post-3839","post","type-post","status-publish","format-standard","hentry","category-negocios"],"_links":{"self":[{"href":"https:\/\/arzatenoticias.com\/wp-json\/wp\/v2\/posts\/3839","targetHints":{"allow":["GET"]}}],"collection":[{"href":"https:\/\/arzatenoticias.com\/wp-json\/wp\/v2\/posts"}],"about":[{"href":"https:\/\/arzatenoticias.com\/wp-json\/wp\/v2\/types\/post"}],"author":[{"embeddable":true,"href":"https:\/\/arzatenoticias.com\/wp-json\/wp\/v2\/users\/2"}],"replies":[{"embeddable":true,"href":"https:\/\/arzatenoticias.com\/wp-json\/wp\/v2\/comments?post=3839"}],"version-history":[{"count":3,"href":"https:\/\/arzatenoticias.com\/wp-json\/wp\/v2\/posts\/3839\/revisions"}],"predecessor-version":[{"id":3844,"href":"https:\/\/arzatenoticias.com\/wp-json\/wp\/v2\/posts\/3839\/revisions\/3844"}],"wp:attachment":[{"href":"https:\/\/arzatenoticias.com\/wp-json\/wp\/v2\/media?parent=3839"}],"wp:term":[{"taxonomy":"category","embeddable":true,"href":"https:\/\/arzatenoticias.com\/wp-json\/wp\/v2\/categories?post=3839"},{"taxonomy":"post_tag","embeddable":true,"href":"https:\/\/arzatenoticias.com\/wp-json\/wp\/v2\/tags?post=3839"}],"curies":[{"name":"wp","href":"https:\/\/api.w.org\/{rel}","templated":true}]}}