{"id":37626,"date":"2026-04-27T05:22:00","date_gmt":"2026-04-27T11:22:00","guid":{"rendered":"https:\/\/arzatenoticias.com\/?p=37626"},"modified":"2026-04-24T13:31:51","modified_gmt":"2026-04-24T19:31:51","slug":"famex-y-tulum-air-show-impulsan-polo-aeroespacial-en-quintana-roo","status":"publish","type":"post","link":"https:\/\/arzatenoticias.com\/index.php\/2026\/04\/27\/famex-y-tulum-air-show-impulsan-polo-aeroespacial-en-quintana-roo\/","title":{"rendered":"FAMEX y Tulum Air Show impulsan polo aeroespacial en Quintana Roo"},"content":{"rendered":"\n<h3 class=\"wp-block-heading\"><strong>Tulum, Quintana Roo, 27 de abril 2026.-<\/strong> <strong>\u00d3scar Mora Vel\u00e1zquez<\/strong>, <strong>CEO de Especialistas Nacionales en Tecnolog\u00eda e Innovaci\u00f3n (ENTI)<\/strong> y <strong>fundador de la Feria Aeroespacial M\u00e9xico (FAMEX)<\/strong>, dirigida por el <strong>General Disraeli G\u00f3mez Herrera<\/strong>, se\u00f1al\u00f3 que la realizaci\u00f3n de <strong>Tulum Air Show 2026<\/strong> establecer\u00eda las bases para el desarrollo de un <strong>Polo Aeroespacial en Quintana Roo<\/strong>, con el apoyo de la <strong>Gobernadora Mara Lezama<\/strong>.<\/h3>\n\n\n\n<p><\/p>\n\n\n\n<p>Mora Vel\u00e1zquez explic\u00f3 que \u201c<strong>Quintana Roo se podr\u00eda convertir en un hub estrat\u00e9gico a nivel global<\/strong> para la industria al contar con cuatro aeropuertos internacionales: <strong>Tulum, Canc\u00fan, Cozumel y Chetumal<\/strong>, una red log\u00edstica a\u00e9rea de bajo costo y eficiente con <strong>Canad\u00e1, EU, Am\u00e9rica Latina, Europa y Asia<\/strong>. El sector tambi\u00e9n est\u00e1 creando una columna vertebral a lo largo del pa\u00eds mediante varios <strong>cl\u00fasteres aeroespaciales<\/strong>, ubicados en <strong>Baja California, Chihuahua, Sonora, Nuevo Le\u00f3n y Quer\u00e9taro<\/strong>\u201d.<\/p>\n\n\n\n<p>\u201cEste crecimiento aumenta la demanda de <strong>capital humano tecnol\u00f3gico de primer nivel<\/strong>, actualmente, de cada 10 ingenieros seis requieren una especializaci\u00f3n. <strong>FAMEX<\/strong>, la <strong>Federaci\u00f3n Mexicana de la Industria Aeroespacial (FEMIA)<\/strong> y empresas, como nosotros, estamos realizando convenios con el sector acad\u00e9mico para cubrir esta brecha. Dise\u00f1amos <strong>Skillwave<\/strong> que permite capacitar y certificar a grupos de trabajo, tanto en medianas y peque\u00f1as empresas, como para grandes conglomerados\u201d a\u00f1adi\u00f3 <strong>\u00d3scar Mora Vel\u00e1zquez<\/strong>.<\/p>\n\n\n\n<p><strong>TULUM AIR SHOW 2026 NASCAR M\u00e9xico Series<\/strong> se llevar\u00e1 a cabo este fin de semana en el <strong>Aeropuerto Internacional Felipe Carrillo Puerto<\/strong> y la <strong>Base A\u00e9rea N\u00fam. 20<\/strong>, es impulsado por la <strong>SEDENA<\/strong>, <strong>FAM<\/strong>, <strong>Mundo Maya<\/strong>, <strong>MEXICANA<\/strong> y el <strong>Gobierno de Quintana Roo<\/strong>. Adem\u00e1s, de los espect\u00e1culos a\u00e9reos y automovil\u00edsticos, se realizar\u00e1n el <strong>Congreso Internacional de Seguridad A\u00e9rea<\/strong> y la <strong>Conferencia Latinoamericana de Espect\u00e1culos A\u00e9reos<\/strong>, con la participaci\u00f3n de la <strong>Agencia Federal de Aviaci\u00f3n Civil (AFAC)<\/strong>, quien har\u00e1 una exposici\u00f3n sobre temas de seguridad.<\/p>\n\n\n\n<p><strong>FAMEX firm\u00f3 una alianza estrat\u00e9gica con NASCAR M\u00e9xico Series<\/strong> para promover la industria aeroespacial y el automovilismo deportivo, con la realizaci\u00f3n de una carrera el d\u00eda 25 y otra el 26 de abril, en el aeropuerto internacional de Tulum.<\/p>\n\n\n\n<p><strong>ENTI<\/strong> es una empresa cien por ciento mexicana con presencia en <strong>California, Texas, Colombia y Argentina<\/strong>. El a\u00f1o pasado inici\u00f3 el desarrollo de proyectos <strong>nearshoring digitales<\/strong> en <strong>Tamaulipas y Chihuahua<\/strong>, dirigidos a Texas.<\/p>\n\n\n\n<p><\/p>\n","protected":false},"excerpt":{"rendered":"<p>Tulum, Quintana Roo, 27 de abril 2026.- \u00d3scar Mora Vel\u00e1zquez, CEO de Especialistas Nacionales en Tecnolog\u00eda e Innovaci\u00f3n (ENTI) y fundador de la Feria Aeroespacial M\u00e9xico (FAMEX), dirigida por el General Disraeli G\u00f3mez Herrera, se\u00f1al\u00f3 que la realizaci\u00f3n de Tulum Air Show 2026 establecer\u00eda las bases para el desarrollo de un Polo Aeroespacial en Quintana [&hellip;]<\/p>\n","protected":false},"author":2,"featured_media":37627,"comment_status":"closed","ping_status":"closed","sticky":false,"template":"","format":"standard","meta":{"footnotes":""},"categories":[4],"tags":[1084,1083,1085,186,1086,1087],"class_list":["post-37626","post","type-post","status-publish","format-standard","has-post-thumbnail","hentry","category-industria","tag-aeroespacial","tag-enti","tag-famex","tag-industria","tag-quintana-roo","tag-tulum-air-show"],"_links":{"self":[{"href":"https:\/\/arzatenoticias.com\/index.php\/wp-json\/wp\/v2\/posts\/37626","targetHints":{"allow":["GET"]}}],"collection":[{"href":"https:\/\/arzatenoticias.com\/index.php\/wp-json\/wp\/v2\/posts"}],"about":[{"href":"https:\/\/arzatenoticias.com\/index.php\/wp-json\/wp\/v2\/types\/post"}],"author":[{"embeddable":true,"href":"https:\/\/arzatenoticias.com\/index.php\/wp-json\/wp\/v2\/users\/2"}],"replies":[{"embeddable":true,"href":"https:\/\/arzatenoticias.com\/index.php\/wp-json\/wp\/v2\/comments?post=37626"}],"version-history":[{"count":3,"href":"https:\/\/arzatenoticias.com\/index.php\/wp-json\/wp\/v2\/posts\/37626\/revisions"}],"predecessor-version":[{"id":37632,"href":"https:\/\/arzatenoticias.com\/index.php\/wp-json\/wp\/v2\/posts\/37626\/revisions\/37632"}],"wp:featuredmedia":[{"embeddable":true,"href":"https:\/\/arzatenoticias.com\/index.php\/wp-json\/wp\/v2\/media\/37627"}],"wp:attachment":[{"href":"https:\/\/arzatenoticias.com\/index.php\/wp-json\/wp\/v2\/media?parent=37626"}],"wp:term":[{"taxonomy":"category","embeddable":true,"href":"https:\/\/arzatenoticias.com\/index.php\/wp-json\/wp\/v2\/categories?post=37626"},{"taxonomy":"post_tag","embeddable":true,"href":"https:\/\/arzatenoticias.com\/index.php\/wp-json\/wp\/v2\/tags?post=37626"}],"curies":[{"name":"wp","href":"https:\/\/api.w.org\/{rel}","templated":true}]}}