{"id":37290,"date":"2026-03-30T08:48:31","date_gmt":"2026-03-30T14:48:31","guid":{"rendered":"https:\/\/arzatenoticias.com\/?p=37290"},"modified":"2026-03-30T08:48:32","modified_gmt":"2026-03-30T14:48:32","slug":"eficiencia-energetica-la-accion-mas-rapida-contra-el-cambio-climatico","status":"publish","type":"post","link":"https:\/\/arzatenoticias.com\/2026\/03\/30\/eficiencia-energetica-la-accion-mas-rapida-contra-el-cambio-climatico\/","title":{"rendered":"Eficiencia energ\u00e9tica: la acci\u00f3n m\u00e1s r\u00e1pida contra el cambio clim\u00e1tico"},"content":{"rendered":"\n<p><strong>Ciudad de M\u00e9xico, 30 de marzo de 2026.-<\/strong> Cada 26 de marzo se conmemora el <strong>D\u00eda Mundial del Clima<\/strong>, una fecha que invita a dimensionar los desaf\u00edos ambientales actuales y la urgencia de avanzar hacia soluciones concretas. El aumento de la temperatura global, la mayor frecuencia de eventos extremos y la presi\u00f3n sobre los recursos naturales reflejan un escenario que exige acciones medibles en el corto plazo.<\/p>\n\n\n\n<p>El uso de la energ\u00eda ocupa un lugar central en la conversaci\u00f3n clim\u00e1tica. De acuerdo con la <strong>Agencia Internacional de Energ\u00eda <\/strong>(IEA), la eficiencia energ\u00e9tica puede contribuir con m\u00e1s del 40% de las reducciones de emisiones necesarias hacia 2040, al optimizar el consumo en sectores como la industria, los edificios y las ciudades.<\/p>\n\n\n\n<p>Uno de los espacios con mayor potencial de mejora es el entorno construido. El <strong>Informe sobre la situaci\u00f3n mundial de los edificios y la construcci\u00f3n 2024\/2025 de Naciones Unidas<\/strong>\u00a0estima que los edificios generan alrededor de un tercio de las emisiones globales de CO\u2082, lo que los convierte en un punto clave de intervenci\u00f3n.<\/p>\n\n\n\n<p>En este sentido,<strong> la eficiencia energ\u00e9tica se consolida como una herramienta de aplicaci\u00f3n inmediata<\/strong>. Optimizar el consumo permite reducir emisiones desde la operaci\u00f3n diaria y mejorar el uso de los recursos disponibles. La digitalizaci\u00f3n y la automatizaci\u00f3n han acelerado esta capacidad de acci\u00f3n. Hoy es posible monitorear el consumo energ\u00e9tico en tiempo real y realizar ajustes continuos para mejorar su desempe\u00f1o, sin necesidad de sustituir la infraestructura existente.\u00a0<\/p>\n\n\n\n<p>A trav\u00e9s de este tipo de soluciones, compa\u00f1\u00edas como Schneider Electric han contribuido a que sus clientes eviten aproximadamente <strong>700 millones de toneladas de emisiones de CO\u2082 a nivel global<\/strong>, al optimizar la utilizaci\u00f3n de la energ\u00eda en distintos entornos.<\/p>\n\n\n\n<p>Estos avances se reflejan en proyectos de todo el mundo, donde la digitalizaci\u00f3n y la gesti\u00f3n energ\u00e9tica han permitido optimizar el consumo sin comprometer la operaci\u00f3n. En distintos sectores, la implementaci\u00f3n de plataformas de monitoreo y control ha facilitado la integraci\u00f3n de energ\u00edas renovables, la reducci\u00f3n de p\u00e9rdidas y una toma de decisiones m\u00e1s eficiente en tiempo real.<\/p>\n\n\n\n<p>En M\u00e9xico, este enfoque se materializa en casos como el de un complejo hotelero operado por Hyatt, donde la incorporaci\u00f3n de sistemas de gesti\u00f3n energ\u00e9tica y monitoreo continuo ha permitido optimizar el desempe\u00f1o de la infraestructura el\u00e9ctrica, reducir costos de mantenimiento y mejorar la eficiencia operativa sin afectar la experiencia de los usuarios.<\/p>\n\n\n\n<p>\u201cLa transici\u00f3n energ\u00e9tica no comienza con grandes transformaciones futuras, sino con decisiones cotidianas sobre c\u00f3mo usamos la energ\u00eda. La eficiencia energ\u00e9tica permite actuar desde hoy, con resultados medibles y escalables. En un pa\u00eds como M\u00e9xico, donde la actividad industrial y urbana sigue creciendo, optimizar el consumo energ\u00e9tico representa una oportunidad concreta para avanzar hacia un desarrollo m\u00e1s sostenible\u201d, se\u00f1al\u00f3 <strong>Daniela Rivas, VP Power Products &amp; Power Systems de Schneider Electric M\u00e9xico<\/strong>.<\/p>\n\n\n\n<p>Este enfoque se complementa con soluciones m\u00e1s integrales, como las microredes, que permiten gestionar de manera local la generaci\u00f3n, el almacenamiento y el consumo de energ\u00eda, ampliando las posibilidades de eficiencia en edificios, complejos industriales y entornos urbanos.<\/p>\n\n\n\n<p>Ante la magnitud del desaf\u00edo clim\u00e1tico, la acci\u00f3n se traslada al presente. M\u00e1s all\u00e1 de metas de largo plazo, <strong>la eficiencia energ\u00e9tica permite reducir emisiones desde la operaci\u00f3n diaria<\/strong> y transformar el desempe\u00f1o de edificios, industrias y ciudades a partir de decisiones concretas sobre c\u00f3mo se consume la energ\u00eda.<\/p>\n\n\n\n<p><\/p>\n","protected":false},"excerpt":{"rendered":"<p>Ciudad de M\u00e9xico, 30 de marzo de 2026.- Cada 26 de marzo se conmemora el D\u00eda Mundial del Clima, una fecha que invita a dimensionar los desaf\u00edos ambientales actuales y la urgencia de avanzar hacia soluciones concretas. El aumento de la temperatura global, la mayor frecuencia de eventos extremos y la presi\u00f3n sobre los recursos [&hellip;]<\/p>\n","protected":false},"author":2,"featured_media":37291,"comment_status":"closed","ping_status":"closed","sticky":false,"template":"","format":"standard","meta":{"footnotes":""},"categories":[533],"tags":[907,905,906,536],"class_list":["post-37290","post","type-post","status-publish","format-standard","has-post-thumbnail","hentry","category-energia","tag-agencia-internacional-de-energia","tag-dia-mundial-del-clima","tag-eficiencia-energetica","tag-energia"],"_links":{"self":[{"href":"https:\/\/arzatenoticias.com\/wp-json\/wp\/v2\/posts\/37290","targetHints":{"allow":["GET"]}}],"collection":[{"href":"https:\/\/arzatenoticias.com\/wp-json\/wp\/v2\/posts"}],"about":[{"href":"https:\/\/arzatenoticias.com\/wp-json\/wp\/v2\/types\/post"}],"author":[{"embeddable":true,"href":"https:\/\/arzatenoticias.com\/wp-json\/wp\/v2\/users\/2"}],"replies":[{"embeddable":true,"href":"https:\/\/arzatenoticias.com\/wp-json\/wp\/v2\/comments?post=37290"}],"version-history":[{"count":1,"href":"https:\/\/arzatenoticias.com\/wp-json\/wp\/v2\/posts\/37290\/revisions"}],"predecessor-version":[{"id":37292,"href":"https:\/\/arzatenoticias.com\/wp-json\/wp\/v2\/posts\/37290\/revisions\/37292"}],"wp:featuredmedia":[{"embeddable":true,"href":"https:\/\/arzatenoticias.com\/wp-json\/wp\/v2\/media\/37291"}],"wp:attachment":[{"href":"https:\/\/arzatenoticias.com\/wp-json\/wp\/v2\/media?parent=37290"}],"wp:term":[{"taxonomy":"category","embeddable":true,"href":"https:\/\/arzatenoticias.com\/wp-json\/wp\/v2\/categories?post=37290"},{"taxonomy":"post_tag","embeddable":true,"href":"https:\/\/arzatenoticias.com\/wp-json\/wp\/v2\/tags?post=37290"}],"curies":[{"name":"wp","href":"https:\/\/api.w.org\/{rel}","templated":true}]}}