{"id":3275,"date":"2020-09-25T12:46:33","date_gmt":"2020-09-25T17:46:33","guid":{"rendered":"https:\/\/arzatenoticias.com\/?p=3275"},"modified":"2020-09-25T14:02:04","modified_gmt":"2020-09-25T19:02:04","slug":"dianaranja-25-de-septiembre","status":"publish","type":"post","link":"https:\/\/arzatenoticias.com\/2020\/09\/25\/dianaranja-25-de-septiembre\/","title":{"rendered":"#DiaNaranja 25 de septiembre"},"content":{"rendered":"\n<p>Hoy como cada 25 del mes se promueve el D\u00eda Naranja, el cual conlleva a que debemos actuar, generar conciencia y prevenir la violencia contra las mujeres y ni\u00f1as.&nbsp;&nbsp;<\/p>\n\n\n\n<p>Esta conmemoraci\u00f3n se lleva a cabo en todo el mundo, ya que cada 25 de noviembre se decret\u00f3 oficialmente como el&nbsp;\u201c<em>D\u00eda Internacional para la Erradicaci\u00f3n de la Violencia contra las Mujeres\u201d,<\/em>&nbsp;por la Organizaci\u00f3n de las Naciones Unidas (ONU) en 1999, sin embargo, en Latinoam\u00e9rica esta fecha se conmemora desde 1981.<\/p>\n\n\n\n<p>Actualmente este movimiento promueve la NO Violencia que todos los d\u00edas sufren las mujeres en todo el mundo y por ello no se celebra solamente el 25 de noviembre, sino el 25 de cada mes, de tal manera que es conocido como D\u00eda Naranja y forma parte de la gran campa\u00f1a nombrada&nbsp;<em>\u201cCampa\u00f1a Naranja \u00daNETE\u201d<\/em><strong>,<\/strong>&nbsp;a partir del a\u00f1o 2008, impulsada por el Secretario General de la ONU y que tiene elobjetivo&nbsp;de generar consciencia para prevenir y erradicar la violencia contra las mujeres y ni\u00f1as.<\/p>\n\n\n\n<p>Es importante que la sociedad mexicana conozca que en todo el Mundo existen m\u00faltiples disposiciones encaminadas a defender la igualdad de las mujeres y eliminar la violencia contra las mujeres y ni\u00f1as, por ejemplo:<\/p>\n\n\n\n<p><a href=\"http:\/\/www.un.org\/ga\/search\/view_doc.asp?symbol=A\/RES\/48\/104&amp;Lang=S\">Declaraci\u00f3n sobre la eliminaci\u00f3n de la violencia contra la mujer<\/a>, emitida&nbsp;por la Asamblea General de la ONU en 1993 y define la violencia contra la mujer como:&nbsp;<\/p>\n\n\n\n<p><em>\u201c\u2026todo acto de violencia que tenga o pueda tener como resultado un da\u00f1o o sufrimiento f\u00edsico, sexual o sicol\u00f3gico para la mujer, as\u00ed como las amenazas de tales actos, la coacci\u00f3n o la privaci\u00f3n arbitraria de la libertad, tanto si se producen en la vida p\u00fablica como en la vida privada.\u201d<\/em><em><\/em><\/p>\n\n\n\n<p>De esta manera, esta Declaraci\u00f3n se\u00f1ala que la violencia se manifiesta de forma f\u00edsica, sexual y psicol\u00f3gica e incluye:<\/p>\n\n\n\n<ul class=\"wp-block-list\"><li><em>\u201cViolencia por un compa\u00f1ero sentimental (violencia f\u00edsica, maltrato psicol\u00f3gico, violaci\u00f3n conyugal, feminicidio);<\/em><em><\/em><\/li><li><em>Violencia sexual y acoso (violaci\u00f3n, actos sexuales forzados, insinuaciones sexuales no deseadas, abuso sexual infantil, matrimonio forzado, acecho, acoso callejero, acoso cibern\u00e9tico);<\/em><em><\/em><\/li><li><em>Trata de seres humanos (esclavitud, explotaci\u00f3n sexual);<\/em><em><\/em><\/li><li><em>Mutilaci\u00f3n genital, y<\/em><em><\/em><\/li><li><em>Matrimonio infantil\u201d.<\/em><\/li><\/ul>\n\n\n\n<p>La Organizaci\u00f3n Mundial de la Salud, define a la violencia como:&nbsp;<\/p>\n\n\n\n<p>\u201c\u2026<em>el uso deliberado de la fuerza f\u00edsica o el poder, ya sea en grado de amenaza o efectivo, contra uno mismo, otra persona o un grupo o comunidad, que cause o tenga muchas probabilidades de causar lesiones, muerte, da\u00f1os psicol\u00f3gicos, trastornos del desarrollo o privaciones\u201d.<strong><\/strong><\/em><\/p>\n\n\n\n<p>As\u00ed mismo, dentro del marco jur\u00eddico internacional respecto a la protecci\u00f3n de las mujeres y ni\u00f1as tenemos la&nbsp;Convenci\u00f3n sobre la Eliminaci\u00f3n de Todas las Formas de Discriminaci\u00f3n contra la Mujer (CEDAW) y la Convenci\u00f3n Interamericana para Prevenir, Sancionar y Erradicar la Violencia contra la Mujer (Bel\u00e9m do Par\u00e1)<\/p>\n\n\n\n<p>En M\u00e9xico, se encuentra vigente la Ley General de Acceso de las Mujeres a una Vida Libre de Violencia, la cual tiene por objeto:&nbsp;<\/p>\n\n\n\n<p><em>\u201c\u2026Establecer la coordinaci\u00f3n entre la Federaci\u00f3n, las entidades federativas, el Distrito Federal y los municipios para prevenir, sancionar y erradicar la violencia contra las mujeres\u201d.<\/em><\/p>\n\n\n\n<p>Tambi\u00e9n contamos con el&nbsp;Reglamento de la Ley General de Acceso de las Mujeres a una Vida Libre de Violencia y el Reglamento para el funcionamiento del Sistema Nacional para Prevenir, Atender, Sancionar y Erradicar la Violencia contra las Mujeres.<\/p>\n\n\n\n<p>Es importante destacar que el Estado Mexicano no solamente se ha preocupado por este tema, sino que se ha ocupado por combatir cualquier tipo de violencia contra la mujer y ni\u00f1as, tan es as\u00ed que la Secretar\u00eda de Seguridad y Protecci\u00f3n Ciudadana (SSPC), el Instituto Nacional de las Mujeres (INMUJERES) y la Comisi\u00f3n Nacional para Prevenir y Erradicar la Violencia contra las Mujeres (CONAVIM),&nbsp;&nbsp;han llevado a cabo acciones que buscan impulsar en materia de paz y seguridad&nbsp;&nbsp;para la reconstrucci\u00f3n del tejido social establecido en la Resoluci\u00f3n 1325 del Consejo de Seguridad de las Naciones Unidas, donde se reafirma el importante papel que desempe\u00f1an las mujeres en la prevenci\u00f3n y soluci\u00f3n de los conflictos y en la consolidaci\u00f3n de la paz.<\/p>\n\n\n\n<p>En este orden de ideas, considero importante y necesario que se lleven a cabo:<\/p>\n\n\n\n<p>1.- Mejores pol\u00edticas, programas y acciones integrales que conlleven a salvaguardar la vida y seguridad de las mujeres y ni\u00f1as.<\/p>\n\n\n\n<p>2.- Hacer conocimiento p\u00fablico en todo el territorio nacional los documentos estrat\u00e9gicos relacionados con el combate a la violencia contra las mujeres y ni\u00f1as.<\/p>\n\n\n\n<p>3.- Instrumentar un programa de capacitaci\u00f3n permanente en materia de derechos humanos y con perspectiva de g\u00e9nero para garantizar el respeto irrestricto de los derechos de las mujeres y ni\u00f1as.<\/p>\n\n\n\n<p><strong><em>Rompe el silencio. Cuando seas testigo de la violencia contra las mujeres no te quedes de brazos cruzados. Act\u00faa.<\/em><\/strong><\/p>\n\n\n\n<p>Ban Ki Moon, ex secretario general de las Naciones Unidas&nbsp;<\/p>\n","protected":false},"excerpt":{"rendered":"<p>Hoy como cada 25 del mes se promueve el D\u00eda Naranja, el cual conlleva a que debemos actuar, generar conciencia y prevenir la violencia contra las mujeres y ni\u00f1as.&nbsp;&nbsp; Esta conmemoraci\u00f3n se lleva a cabo en todo el mundo, ya que cada 25 de noviembre se decret\u00f3 oficialmente como el&nbsp;\u201cD\u00eda Internacional para la Erradicaci\u00f3n de [&hellip;]<\/p>\n","protected":false},"author":7,"featured_media":0,"comment_status":"open","ping_status":"closed","sticky":false,"template":"","format":"standard","meta":{"footnotes":""},"categories":[180],"tags":[],"class_list":["post-3275","post","type-post","status-publish","format-standard","hentry","category-opinion"],"_links":{"self":[{"href":"https:\/\/arzatenoticias.com\/wp-json\/wp\/v2\/posts\/3275","targetHints":{"allow":["GET"]}}],"collection":[{"href":"https:\/\/arzatenoticias.com\/wp-json\/wp\/v2\/posts"}],"about":[{"href":"https:\/\/arzatenoticias.com\/wp-json\/wp\/v2\/types\/post"}],"author":[{"embeddable":true,"href":"https:\/\/arzatenoticias.com\/wp-json\/wp\/v2\/users\/7"}],"replies":[{"embeddable":true,"href":"https:\/\/arzatenoticias.com\/wp-json\/wp\/v2\/comments?post=3275"}],"version-history":[{"count":1,"href":"https:\/\/arzatenoticias.com\/wp-json\/wp\/v2\/posts\/3275\/revisions"}],"predecessor-version":[{"id":3276,"href":"https:\/\/arzatenoticias.com\/wp-json\/wp\/v2\/posts\/3275\/revisions\/3276"}],"wp:attachment":[{"href":"https:\/\/arzatenoticias.com\/wp-json\/wp\/v2\/media?parent=3275"}],"wp:term":[{"taxonomy":"category","embeddable":true,"href":"https:\/\/arzatenoticias.com\/wp-json\/wp\/v2\/categories?post=3275"},{"taxonomy":"post_tag","embeddable":true,"href":"https:\/\/arzatenoticias.com\/wp-json\/wp\/v2\/tags?post=3275"}],"curies":[{"name":"wp","href":"https:\/\/api.w.org\/{rel}","templated":true}]}}