{"id":32377,"date":"2025-04-14T13:44:01","date_gmt":"2025-04-14T19:44:01","guid":{"rendered":"https:\/\/arzatenoticias.com\/?p=32377"},"modified":"2025-04-14T13:44:02","modified_gmt":"2025-04-14T19:44:02","slug":"retiran-47-mil-neumaticos-fuera-de-uso-de-las-islas-galapagos","status":"publish","type":"post","link":"https:\/\/arzatenoticias.com\/index.php\/2025\/04\/14\/retiran-47-mil-neumaticos-fuera-de-uso-de-las-islas-galapagos\/","title":{"rendered":"Retiran 47 mil neum\u00e1ticos fuera de uso de las Islas Gal\u00e1pagos"},"content":{"rendered":"\n<p>Quito, Ecuador, 14 de abril, 2025.- En Ecuador, 47.000 neum\u00e1ticos fuera de uso (NFU) fueron retirados de las Islas Gal\u00e1pagos en los \u00faltimos seis a\u00f1os, como parte del programa <strong>\u201cGal\u00e1pagos Libre de Neum\u00e1ticos Usados\u201d creado por SEGINUS, <\/strong>organizaci\u00f3n ecuatoriana sin fines de lucro que promueve la gesti\u00f3n integral de estos residuos.<\/p>\n\n\n\n<p>En una \u00faltima operaci\u00f3n, 10 contenedores con aproximadamente 2.500 neum\u00e1ticos fueron trasladados desde la isla Santa Cruz hacia Guayaquil, donde ser\u00e1n procesados para evitar su impacto contaminante en uno de los ecosistemas m\u00e1s fr\u00e1giles y biodiversos del planeta.<\/p>\n\n\n\n<p>Una amenaza silenciosa: la inadecuada gesti\u00f3n de los neum\u00e1ticos fuera de uso y la crisis ambiental global<\/p>\n\n\n\n<p>El 28\u202f% de los micropl\u00e1sticos que contaminan los oc\u00e9anos proviene del desgaste de neum\u00e1ticos, seg\u00fan National Geographic. Estas part\u00edculas microsc\u00f3picas no solo alteran los ecosistemas marinos, sino que tambi\u00e9n se incorporan a la cadena alimenticia, con efectos nocivos para la salud humana y animal.<\/p>\n\n\n\n<p>\u201cUn solo neum\u00e1tico puede tardar m\u00e1s de 1.000 a\u00f1os en degradarse. Si no actuamos hoy, estamos dejando una herencia t\u00f3xica e irreversible para las pr\u00f3ximas generaciones. En SEGINUS estamos convencidos de que la econom\u00eda circular no es una opci\u00f3n, es la \u00fanica v\u00eda para proteger nuestros ecosistemas\u201d, afirm\u00f3 Jos\u00e9 <strong>Javier Guarderas, Director Ejecutivo de SEGINUS.<\/strong><\/p>\n\n\n\n<p><strong>Un modelo sostenible con resultados concretos<\/strong><\/p>\n\n\n\n<p>Gracias al esfuerzo conjunto de SEGINUS, Ecuador ha logrado transformar m\u00e1s de 400 toneladas de neum\u00e1ticos fuera de uso (NFU) provenientes de Gal\u00e1pagos en materiales reutilizables, demostrando que la sostenibilidad no solo es posible, sino que genera un impacto real y medible.<\/p>\n\n\n\n<figure class=\"wp-block-image size-large is-resized\"><img decoding=\"async\" width=\"1024\" height=\"683\" data-src=\"https:\/\/arzatenoticias.com\/wp-content\/uploads\/2025\/04\/neumaticos-1-1024x683.jpg\" alt=\"\" class=\"wp-image-32379 lazyload\" style=\"--smush-placeholder-width: 1024px; --smush-placeholder-aspect-ratio: 1024\/683;width:418px;height:auto\" data-srcset=\"https:\/\/arzatenoticias.com\/wp-content\/uploads\/2025\/04\/neumaticos-1-1024x683.jpg 1024w, https:\/\/arzatenoticias.com\/wp-content\/uploads\/2025\/04\/neumaticos-1-300x200.jpg 300w, https:\/\/arzatenoticias.com\/wp-content\/uploads\/2025\/04\/neumaticos-1-768x512.jpg 768w, https:\/\/arzatenoticias.com\/wp-content\/uploads\/2025\/04\/neumaticos-1.jpg 1200w\" data-sizes=\"(max-width: 1024px) 100vw, 1024px\" src=\"data:image\/svg+xml;base64,PHN2ZyB3aWR0aD0iMSIgaGVpZ2h0PSIxIiB4bWxucz0iaHR0cDovL3d3dy53My5vcmcvMjAwMC9zdmciPjwvc3ZnPg==\" \/><\/figure>\n\n\n\n<p>En SEGINUS, so\u00f1amos con un futuro donde la majestuosidad de Gal\u00e1pagos se preserve intacta para las generaciones venideras. Nuestro modelo de econom\u00eda circular reafirma el compromiso con la conservaci\u00f3n de este para\u00edso, beneficiando a sus 30.000 habitantes y protegiendo su biodiversidad \u00fanica en el mundo.<\/p>\n\n\n\n<p>Sin embargo, nuestros oc\u00e9anos enfrentan una amenaza silenciosa: los micropl\u00e1sticos. Estudios recientes revelan que las part\u00edculas desprendidas de los neum\u00e1ticos son una fuente significativa de esta contaminaci\u00f3n, afectando los ecosistemas marinos y poniendo en riesgo la fauna que habita en ellos.<\/p>\n\n\n\n<p>Por eso, seguimos adelante con determinaci\u00f3n, promoviendo la econom\u00eda circular y cuidando nuestros recursos naturales. Juntos, hagamos de Gal\u00e1pagos un territorio libre de neum\u00e1ticos usados, un santuario de vida y esperanza para el planeta.<\/p>\n\n\n\n<p>Este modelo de econom\u00eda circular no s\u00f3lo mitiga la contaminaci\u00f3n, sino que tambi\u00e9n crea valor econ\u00f3mico y promueve nuevas oportunidades para el desarrollo productivo.<\/p>\n\n\n\n<p>Para<strong> Metropolitan Touring y Finch Bay Hotel, la <\/strong>conservaci\u00f3n del ecosistema y el bienestar de la comunidad de Gal\u00e1pagos son fundamentales. Como empresa comprometida con el turismo responsable, colabora estrechamente con aliados estrat\u00e9gicos para promover iniciativas sostenibles que generen un impacto positivo y duradero en las islas. <\/p>\n\n\n\n<p>&#8220;Gal\u00e1pagos es un tesoro \u00fanico en el mundo, y tenemos la responsabilidad de ser sus guardianes. La correcta gesti\u00f3n de los residuos es clave para preservar la majestuosidad del archipi\u00e9lago para las futuras generaciones. Este esfuerzo conjunto demuestra que, con compromiso y colaboraci\u00f3n, podemos mitigar nuestro impacto y ser parte activa de la soluci\u00f3n\u201d, se\u00f1al\u00f3 <strong>Paulina Burbano de Lara, presidenta ejecutiva de Metropolitan Touring<\/strong>.<\/p>\n\n\n\n<p><strong>S\u00edguenos en nuestras redes sociales.<\/strong><\/p>\n\n\n\n<p><a href=\"https:\/\/www.facebook.com\/ArzateNoticias\/\">www.facebook.com\/ArzateNoticias<\/a>&nbsp;<\/p>\n\n\n\n<p><a href=\"https:\/\/x.com\/ArzateNoticias\">https:\/\/x.com\/ArzateNoticias<\/a>&nbsp; &nbsp;&nbsp; &nbsp;&nbsp;&nbsp;&nbsp;<strong>e-mail: notiarzate@arzatenoticias.com<\/strong><\/p>\n\n\n\n<p>www.youtube.com\/@arzatenoticias<\/p>\n","protected":false},"excerpt":{"rendered":"<p>Quito, Ecuador, 14 de abril, 2025.- En Ecuador, 47.000 neum\u00e1ticos fuera de uso (NFU) fueron retirados de las Islas Gal\u00e1pagos en los \u00faltimos seis a\u00f1os, como parte del programa \u201cGal\u00e1pagos Libre de Neum\u00e1ticos Usados\u201d creado por SEGINUS, organizaci\u00f3n ecuatoriana sin fines de lucro que promueve la gesti\u00f3n integral de estos residuos. En una \u00faltima operaci\u00f3n, [&hellip;]<\/p>\n","protected":false},"author":2,"featured_media":32380,"comment_status":"closed","ping_status":"closed","sticky":false,"template":"","format":"standard","meta":{"footnotes":""},"categories":[174],"tags":[186,187],"class_list":["post-32377","post","type-post","status-publish","format-standard","has-post-thumbnail","hentry","category-negocios","tag-industria","tag-negocios"],"_links":{"self":[{"href":"https:\/\/arzatenoticias.com\/index.php\/wp-json\/wp\/v2\/posts\/32377","targetHints":{"allow":["GET"]}}],"collection":[{"href":"https:\/\/arzatenoticias.com\/index.php\/wp-json\/wp\/v2\/posts"}],"about":[{"href":"https:\/\/arzatenoticias.com\/index.php\/wp-json\/wp\/v2\/types\/post"}],"author":[{"embeddable":true,"href":"https:\/\/arzatenoticias.com\/index.php\/wp-json\/wp\/v2\/users\/2"}],"replies":[{"embeddable":true,"href":"https:\/\/arzatenoticias.com\/index.php\/wp-json\/wp\/v2\/comments?post=32377"}],"version-history":[{"count":1,"href":"https:\/\/arzatenoticias.com\/index.php\/wp-json\/wp\/v2\/posts\/32377\/revisions"}],"predecessor-version":[{"id":32381,"href":"https:\/\/arzatenoticias.com\/index.php\/wp-json\/wp\/v2\/posts\/32377\/revisions\/32381"}],"wp:featuredmedia":[{"embeddable":true,"href":"https:\/\/arzatenoticias.com\/index.php\/wp-json\/wp\/v2\/media\/32380"}],"wp:attachment":[{"href":"https:\/\/arzatenoticias.com\/index.php\/wp-json\/wp\/v2\/media?parent=32377"}],"wp:term":[{"taxonomy":"category","embeddable":true,"href":"https:\/\/arzatenoticias.com\/index.php\/wp-json\/wp\/v2\/categories?post=32377"},{"taxonomy":"post_tag","embeddable":true,"href":"https:\/\/arzatenoticias.com\/index.php\/wp-json\/wp\/v2\/tags?post=32377"}],"curies":[{"name":"wp","href":"https:\/\/api.w.org\/{rel}","templated":true}]}}