{"id":18270,"date":"2022-12-08T10:10:20","date_gmt":"2022-12-08T16:10:20","guid":{"rendered":"https:\/\/arzatenoticias.com\/?p=18270"},"modified":"2022-12-08T10:28:33","modified_gmt":"2022-12-08T16:28:33","slug":"cfe-y-camara-de-diputados-discute-temas-sobre-politica-energetica-de-la-rap","status":"publish","type":"post","link":"https:\/\/arzatenoticias.com\/2022\/12\/08\/cfe-y-camara-de-diputados-discute-temas-sobre-politica-energetica-de-la-rap\/","title":{"rendered":"Analizan CFE y C\u00e1mara de Diputados temas de pol\u00edtica energ\u00e9tica"},"content":{"rendered":"\n<p>Ciudad de M\u00e9xico, 08 de diciembre, 2022.- La Comisi\u00f3n de Energ\u00eda de la C\u00e1mara de Diputados, directivos de la Comisi\u00f3n Federal de Electricidad (CFE) expusieron temas sobre la pol\u00edtica energ\u00e9tica actual y su impacto en el \u00e1mbito administrativo de la CFE, as\u00ed como perspectivas que se encuentran en la edici\u00f3n 157 de la Revista de Administraci\u00f3n P\u00fablica (RAP) del Instituto Nacional de Administraci\u00f3n P\u00fablica (INAP): &#8220;La pol\u00edtica el\u00e9ctrica en M\u00e9xico: alcances y desaf\u00edos&#8221;.&nbsp;<\/p>\n\n\n\n<p>La edici\u00f3n 157 de la RAP fue dedicada a la pol\u00edtica el\u00e9ctrica, tema determinante para la existencia de M\u00e9xico como naci\u00f3n independiente y soberana.&nbsp;<\/p>\n\n\n\n<p>El director Corporativo de Administraci\u00f3n de la CFE, Rub\u00e9n Cuevas Plancarte, a nombre del director general, Manuel Bartlett, habl\u00f3 de la importancia de este ejemplar que busca sentar las bases sobre el tema energ\u00e9tico.\u00a0<\/p>\n\n\n\n<p>Mientras que el director general de la CFE, Manuel Bartlett D\u00edaz, ha se\u00f1alado que es tarea de todos lograr la soberan\u00eda energ\u00e9tica, donde el Estado pueda planear y dirigir el sector el\u00e9ctrico, a fin de garantizar tarifas el\u00e9ctricas accesibles para la poblaci\u00f3n y mayor justicia social. Es indispensable evitar un futuro donde solamente dominen los intereses econ\u00f3micos de unos pocos sobre la mayor\u00eda, explic\u00f3.\u00a0<\/p>\n\n\n\n<p>Plancarte indic\u00f3 que se mantiene la lucha por rescatar a la CFE, ya que figuras del sistema olig\u00e1rquico y los intereses internacionales pretenden convertir al Sistema El\u00e9ctrico Mexicano en un negocio transnacional y a\u00fan ponen en peligro su existencia. La administraci\u00f3n de la CFE ha permitido que los resultados en ahorros generados, en rendici\u00f3n de cuentas y en lucha anticorrupci\u00f3n continuar\u00e1n en el futuro, para el bienestar y desarrollo con justicia social para todos los mexicanos, concluy\u00f3.&nbsp;<\/p>\n\n\n\n<p>Por su parte, el director general de Intermediaci\u00f3n de Contratos Legados de la CFE, Mario Morales Vielmas, habl\u00f3 sobre el autoabastecimiento que inici\u00f3 con la Reforma El\u00e9ctrica del a\u00f1o 1992, con el objeto de atender las necesidades de energ\u00eda el\u00e9ctrica de socios o accionistas de empresas privadas, con la intenci\u00f3n de disminuir sus costos de energ\u00eda.\u00a0<\/p>\n\n\n\n<p>Sin embargo, a lo largo del tiempo el autoabastecimiento se ha distorsionado y ha sido utilizado como un negocio de compraventa de energ\u00eda el\u00e9ctrica, afectando a la CFE, derivado de que la Comisi\u00f3n Reguladora de Energ\u00eda (CRE) construy\u00f3 una regulaci\u00f3n a modo, originando un subsidio para estas empresas y sus clientes. Invit\u00f3 a reflexionar sobre las consecuencias de este esquema que ha perjudicado tanto al sector el\u00e9ctrico.&nbsp;<\/p>\n\n\n\n<p>Por su parte, el director Corporativo de Operaciones, Carlos Morales Mar, realiz\u00f3 una rese\u00f1a de su art\u00edculo sobre la Reforma El\u00e9ctrica de 2013, sus efectos negativos en la seguridad, confiabilidad y continuidad del suministro de energ\u00eda el\u00e9ctrica; adem\u00e1s de fragmentar el proceso integral de planeaci\u00f3n del sistema; no considera pron\u00f3sticos de crecimiento, condici\u00f3n de la Red Nacional ni demanda futura.\u00a0<\/p>\n\n\n\n<p>Precis\u00f3 que, al no contar con los estudios pertinentes, las regulaciones de la Reforma de 2013 afectan a las centrales de generaci\u00f3n convencional. <\/p>\n\n\n\n<p>Destac\u00f3 que M\u00e9xico cuenta con enorme potencial para la generaci\u00f3n de energ\u00eda mediante distintas tecnolog\u00edas, el objetivo prioritario es el aprovechamiento eficiente de todas las fuentes con que cuenta. Mediante una planeaci\u00f3n integral, es posible incorporar todas las tecnolog\u00edas de generaci\u00f3n que tienen como objeto fortalecer a la CFE, garantizar la seguridad energ\u00e9tica y mantener la cadena de valor en el sector de electricidad como \u00e1rea estrat\u00e9gica.\u00a0<\/p>\n\n\n\n<p>Mientras que el comisionado Nacional de Mejora Regulatoria, Alberto Montoya Mart\u00edn del Campo, expuso la importancia para las naciones de realizar una transici\u00f3n del sistema energ\u00e9tico basado en energ\u00edas f\u00f3siles a uno basado en energ\u00edas renovables y nuclear, ante la amenaza que representa para la vida el cambio clim\u00e1tico. \u201cEl sistema energ\u00e9tico del futuro es la electricidad\u201d, defini\u00f3.&nbsp;<\/p>\n\n\n\n<p>M\u00e9xico debe realizar su Transici\u00f3n Energ\u00e9tica Soberana (TES), que consiste en sustituir en las pr\u00f3ximas d\u00e9cadas, con energ\u00edas renovables y nuclear, la totalidad de la energ\u00eda de origen f\u00f3sil, que es el 86.9% (2021) de nuestra matriz energ\u00e9tica.<\/p>\n\n\n\n<p>La TES es una oportunidad hist\u00f3rica para M\u00e9xico, ya que resolver\u00e1 la declinaci\u00f3n de las reservas de hidrocarburos que se observar\u00e1 a partir de 2032; fortalecer\u00e1 la rector\u00eda del Estado sobre la nueva econom\u00eda energ\u00e9tica, con un mercado nacional de 30 billones de pesos en los pr\u00f3ximos treinta a\u00f1os; y ser\u00e1 una palanca de desarrollo, mediante una pol\u00edtica industrial de Estado en beneficio del pueblo de M\u00e9xico.&nbsp;<\/p>\n\n\n\n<p>La RAP tiene fuentes de primera mano, contiene las proyecciones al 2036, con escenarios realistas, explic\u00f3 la consejera independiente del Consejo de Administraci\u00f3n de la CFE, Ros\u00edo Vargas Su\u00e1rez.\u00a0<\/p>\n\n\n\n<p>La Reforma de 2013 es un mecanismo de extracci\u00f3n de renta, para el traslado de subsidios a empresas privadas, de sacrificio de ganancias y de renta de infraestructura el\u00e9ctrica que le cuesta a la CFE y que es trasladada a los negocios privados, afirm\u00f3.&nbsp;<\/p>\n\n\n\n<p>El monopolio es el sector privado, mientras la CFE tiene otra estructura, social y nacional, apunt\u00f3 que este ejemplar desenmascara a la Reforma de 2013, mientras que la CFE tiene una propuesta de transici\u00f3n energ\u00e9tica bajo una perspectiva de modelo de desarrollo nacional con planeaci\u00f3n y armonizaci\u00f3n hacia implementar y reducir los gases efecto invernadero.&nbsp; Adem\u00e1s,&nbsp; asegur\u00f3 que la CFE est\u00e1 actualizada, tiene criterios de sustentabilidad y eficiencia financiera.&nbsp;<\/p>\n","protected":false},"excerpt":{"rendered":"<p>Ciudad de M\u00e9xico, 08 de diciembre, 2022.- La Comisi\u00f3n de Energ\u00eda de la C\u00e1mara de Diputados, directivos de la Comisi\u00f3n Federal de Electricidad (CFE) expusieron temas sobre la pol\u00edtica energ\u00e9tica actual y su impacto en el \u00e1mbito administrativo de la CFE, as\u00ed como perspectivas que se encuentran en la edici\u00f3n 157 de la Revista de [&hellip;]<\/p>\n","protected":false},"author":18,"featured_media":0,"comment_status":"closed","ping_status":"closed","sticky":false,"template":"","format":"standard","meta":{"footnotes":""},"categories":[533],"tags":[],"class_list":["post-18270","post","type-post","status-publish","format-standard","hentry","category-energia"],"_links":{"self":[{"href":"https:\/\/arzatenoticias.com\/wp-json\/wp\/v2\/posts\/18270","targetHints":{"allow":["GET"]}}],"collection":[{"href":"https:\/\/arzatenoticias.com\/wp-json\/wp\/v2\/posts"}],"about":[{"href":"https:\/\/arzatenoticias.com\/wp-json\/wp\/v2\/types\/post"}],"author":[{"embeddable":true,"href":"https:\/\/arzatenoticias.com\/wp-json\/wp\/v2\/users\/18"}],"replies":[{"embeddable":true,"href":"https:\/\/arzatenoticias.com\/wp-json\/wp\/v2\/comments?post=18270"}],"version-history":[{"count":5,"href":"https:\/\/arzatenoticias.com\/wp-json\/wp\/v2\/posts\/18270\/revisions"}],"predecessor-version":[{"id":18278,"href":"https:\/\/arzatenoticias.com\/wp-json\/wp\/v2\/posts\/18270\/revisions\/18278"}],"wp:attachment":[{"href":"https:\/\/arzatenoticias.com\/wp-json\/wp\/v2\/media?parent=18270"}],"wp:term":[{"taxonomy":"category","embeddable":true,"href":"https:\/\/arzatenoticias.com\/wp-json\/wp\/v2\/categories?post=18270"},{"taxonomy":"post_tag","embeddable":true,"href":"https:\/\/arzatenoticias.com\/wp-json\/wp\/v2\/tags?post=18270"}],"curies":[{"name":"wp","href":"https:\/\/api.w.org\/{rel}","templated":true}]}}