{"id":17852,"date":"2022-11-21T12:51:35","date_gmt":"2022-11-21T18:51:35","guid":{"rendered":"https:\/\/arzatenoticias.com\/?p=17852"},"modified":"2022-11-21T13:02:40","modified_gmt":"2022-11-21T19:02:40","slug":"preve-coface-crecimiento-de-mexico-de-1-2-el-proximo-ano","status":"publish","type":"post","link":"https:\/\/arzatenoticias.com\/2022\/11\/21\/preve-coface-crecimiento-de-mexico-de-1-2-el-proximo-ano\/","title":{"rendered":"Prev\u00e9 Coface crecimiento de M\u00e9xico de 1.2% el pr\u00f3ximo a\u00f1o"},"content":{"rendered":"\n<p>Ciudad de M\u00e9xico, 21 de noviembre, 2022.- En Am\u00e9rica Latina se espera una desaceleraci\u00f3n r\u00e1pida porque del 3.1% esperado en 2022 bajar\u00e1 a 0.9% en 2023, previ\u00f3 la Economista para Am\u00e9rica Latina, de Coface, Patricia Krause y especific\u00f3 que M\u00e9xico disminuir\u00e1 su crecimiento a 1.2% en 2023, Colombia a 1.5%, Per\u00fa 2%, Brasil 0.2%, mientras que Chile caer\u00e1 en recesi\u00f3n con 1.0%.<\/p>\n\n\n\n<p>Indic\u00f3 que entre las principales preocupaciones para la econom\u00eda mundial est\u00e1 la inflaci\u00f3n que alcanz\u00f3 m\u00e1ximos hist\u00f3ricos en d\u00e9cadas; hay aumento de tasas de inter\u00e9s por parte de los bancos centrales, sobre todo un fuerte endurecimiento de los ajustes de tasas por parte de la Reserva Federal de Estados Unidos.<\/p>\n\n\n\n<p>Ante tal situaci\u00f3n, Krauze coment\u00f3 la posibilidad de crisis empresariales en las que las medidas de apoyo para las empresas ser\u00e1n menos generosas, respecto a lo que se vio durante la pandemia de COVID-19.<\/p>\n\n\n\n<p>En ese sentido, la situaci\u00f3n financiera de las empresas se ver\u00e1 afectada por el aumento de los costos de los insumos y el incremento de las tasas de inter\u00e9s, por ende, menores posibilidades de pr\u00e9stamos bancarios y aumento de costos.<\/p>\n\n\n\n<p>En este contexto, el panorama mundial que menciona Krause ver\u00e1 el crecimiento del PIB mundial para el 2022 a 2.8%, sin embargo, para el 2023 habr\u00e1 recesi\u00f3n en Europa y fuerte desaceleraci\u00f3n en el resto del mundo, por lo que se calcula que el PIB global en 2023 cierre alrededor de 1.9%, casi un punto porcentual menor que el presente a\u00f1o.<\/p>\n\n\n\n<p>Coface es una empresa de seguro de cr\u00e9dito de origen franc\u00e9s, con m\u00e1s de 75 a\u00f1os de experiencia, con servicios en 100 pa\u00edses, ofrece soluciones para proteger contra el riesgo de impago en transacciones dom\u00e9sticas y a la exportaci\u00f3n.<\/p>\n\n\n\n<p>La representante de la empresa indica que para 2023 Estados Unidos crecer\u00e1 en 1% y los pa\u00edses en desarrollo tambi\u00e9n perder\u00e1n ritmo, por ejemplo, se espera que China crezca 4.0% e India 6.2%.<\/p>\n\n\n\n<p><strong>Foto: Freepik<\/strong><\/p>\n","protected":false},"excerpt":{"rendered":"<p>Ciudad de M\u00e9xico, 21 de noviembre, 2022.- En Am\u00e9rica Latina se espera una desaceleraci\u00f3n r\u00e1pida porque del 3.1% esperado en 2022 bajar\u00e1 a 0.9% en 2023, previ\u00f3 la Economista para Am\u00e9rica Latina, de Coface, Patricia Krause y especific\u00f3 que M\u00e9xico disminuir\u00e1 su crecimiento a 1.2% en 2023, Colombia a 1.5%, Per\u00fa 2%, Brasil 0.2%, mientras [&hellip;]<\/p>\n","protected":false},"author":17,"featured_media":0,"comment_status":"closed","ping_status":"closed","sticky":false,"template":"","format":"standard","meta":{"footnotes":""},"categories":[174],"tags":[548,432,187,547],"class_list":["post-17852","post","type-post","status-publish","format-standard","hentry","category-negocios","tag-coface","tag-economia-2","tag-negocios","tag-pib"],"_links":{"self":[{"href":"https:\/\/arzatenoticias.com\/wp-json\/wp\/v2\/posts\/17852","targetHints":{"allow":["GET"]}}],"collection":[{"href":"https:\/\/arzatenoticias.com\/wp-json\/wp\/v2\/posts"}],"about":[{"href":"https:\/\/arzatenoticias.com\/wp-json\/wp\/v2\/types\/post"}],"author":[{"embeddable":true,"href":"https:\/\/arzatenoticias.com\/wp-json\/wp\/v2\/users\/17"}],"replies":[{"embeddable":true,"href":"https:\/\/arzatenoticias.com\/wp-json\/wp\/v2\/comments?post=17852"}],"version-history":[{"count":1,"href":"https:\/\/arzatenoticias.com\/wp-json\/wp\/v2\/posts\/17852\/revisions"}],"predecessor-version":[{"id":17854,"href":"https:\/\/arzatenoticias.com\/wp-json\/wp\/v2\/posts\/17852\/revisions\/17854"}],"wp:attachment":[{"href":"https:\/\/arzatenoticias.com\/wp-json\/wp\/v2\/media?parent=17852"}],"wp:term":[{"taxonomy":"category","embeddable":true,"href":"https:\/\/arzatenoticias.com\/wp-json\/wp\/v2\/categories?post=17852"},{"taxonomy":"post_tag","embeddable":true,"href":"https:\/\/arzatenoticias.com\/wp-json\/wp\/v2\/tags?post=17852"}],"curies":[{"name":"wp","href":"https:\/\/api.w.org\/{rel}","templated":true}]}}