{"id":17425,"date":"2022-10-29T13:20:00","date_gmt":"2022-10-29T18:20:00","guid":{"rendered":"https:\/\/arzatenoticias.com\/?p=17425"},"modified":"2022-11-02T17:47:25","modified_gmt":"2022-11-02T23:47:25","slug":"reutilizara-mexico-98-de-gas-metano-de-la-produccion-de-petroleo","status":"publish","type":"post","link":"https:\/\/arzatenoticias.com\/2022\/10\/29\/reutilizara-mexico-98-de-gas-metano-de-la-produccion-de-petroleo\/","title":{"rendered":"Reutilizar\u00e1 M\u00e9xico 98% de gas metano de la producci\u00f3n de petr\u00f3leo"},"content":{"rendered":"\n<p>Ciudad de M\u00e9xico, 29 de octubre, 2022.- \u201cPara el a\u00f1o 2024 el 98% del gas metano que se genera con la producci\u00f3n de petr\u00f3leo en M\u00e9xico se va a reutilizar\u201d, indic\u00f3 Marcelo Ebrard, secretario de Relaciones Exteriores, al presentar los resultados de la reuni\u00f3n, entre el presidente Andr\u00e9s Manuel L\u00f3pez Obrador y John Kerry, enviado presidencial de Estados Unidos para el clima.<\/p>\n\n\n\n<p>En la reuni\u00f3n, de cuatro horas, con funcionarios de materia energ\u00e9tica y medio ambiente de ambos pa\u00edses en el Palacio de Gobierno en Hermosillo, Sonora, Ebrard present\u00f3 proyectos de M\u00e9xico en materia y agradeci\u00f3 a Kerry por el tiempo que se tom\u00f3 para hablar con el presidente y el Gobierno de M\u00e9xico.<\/p>\n\n\n\n<p>Sin embargo, no mencion\u00f3 nada acerca del conflicto con el Tratado M\u00e9xico, Estados Unidos, Canad\u00e1 (T-MEC), en el que los pa\u00edses del norte solicitaron consultas a M\u00e9xico por aparentes violaciones en la parte energ\u00e9tica.<\/p>\n\n\n\n<p>El secretario de Relaciones Exteriores, dijo que a secretaria de Medio Ambiente: Mar\u00eda Luisa Albores, present\u00f3 las acciones a su cargo y la estimaci\u00f3n de c\u00f3mo se reducen las emisiones de efecto invernadero que se presentaran en la COP27, en Egipto.<\/p>\n\n\n\n<p>\u201cComisi\u00f3n Federal de Electricidad present\u00f3 el avance de puerto Pe\u00f1asco, que se inici\u00f3 obras en marzo de 2022 y para febrero de 2023, van a terminar siete circuitos en lo que ser\u00e1 la instalaci\u00f3n m\u00e1s importante en Am\u00e9rica Latina de producci\u00f3n de energ\u00eda solar\u201d, explic\u00f3.<\/p>\n\n\n\n<p>Mencion\u00f3 que el director de Litio MX, Pablo Taddei, inform\u00f3 los avances que se tienen para la exploraci\u00f3n y explotaci\u00f3n de litio, as\u00ed c\u00f3mo lo que ser\u00e1 la producci\u00f3n estimada en Sonora.<\/p>\n\n\n\n<p>Agreg\u00f3 que \u201cConacyt present\u00f3 toda la red mexicana que va a participar en la invitaci\u00f3n que hizo Estados Unidos para semiconductores, Arizona va a tener un hub de semiconductores y lo present\u00f3 tambi\u00e9n\u201d.<\/p>\n\n\n\n<p>Sumado a esto, como lo indico el presidente Andr\u00e9s Manuel L\u00f3pez Obrador, se present\u00f3 el Plan Sonora. \u201cEl presidente le explic\u00f3 a John Kerry porque el Plan Sonora es tan importante, no es s\u00f3lo porque se vaya a producir litio, o porque se tenga la planta solar m\u00e1s grande, o porque vaya a haber semiconductores aqu\u00ed, sino porque todo funciona en conjunto. Entonces va a ser un modelo a seguir, que se va a replicar en otros estados\u201d, explic\u00f3 Marcelo Ebrard.<\/p>\n\n\n\n<p>A\u00f1adi\u00f3 que el presidente pidi\u00f3 presentar el Plan Sonora en la COP27 a propuesta del se\u00f1or Gobernador Durazo, por lo que M\u00e9xico va a llevar este plan como una de sus aportaciones principales para hacer crecer r\u00e1pidamente la energ\u00eda sola, geot\u00e9rmica, e\u00f3lica e hidr\u00e1ulica.&nbsp;<\/p>\n\n\n\n<p>Respecto a la reducci\u00f3n de emisiones dijo que Estados Unidos tiene&nbsp;el compromiso para 2035 de ser una econom\u00eda sin carb\u00f3n (es decir sin emisiones de hidrocarburos), y que M\u00e9xico seguir\u00e1 estos pasos.<\/p>\n\n\n\n<p>Por otro lado, Kerry agradeci\u00f3 las acciones que toma M\u00e9xico para reducir el cambio clim\u00e1tico.<\/p>\n\n\n\n<p>\u201cLa realidad es que las 20 econom\u00edas principales del mundo, que incluyen a los Estados Unidos y a M\u00e9xico, tienen la responsabilidad especial de esforzarse por enfrentar el desaf\u00edo de Glasgow, el desaf\u00edo de Par\u00eds y el mismo desaf\u00edo clim\u00e1tico.  Debemos hacer todo lo que podamos para limitar el aumento en el calentamiento de la Tierra a 1,5 \u00b0C\u201d, coment\u00f3.<\/p>\n\n\n\n<p>Se\u00f1al\u00f3 que los conflictos geopol\u00edticos como la guerra de Rusia con Ucrania, la pandemia de COVID-19 y la inflaci\u00f3n gener\u00f3 una disminuci\u00f3n en la oferta energ\u00e9tica. Adem\u00e1s, que en los \u00faltimos a\u00f1os se ha generado un aumento de temperaturas, inundaciones, sequ\u00edas y otras crisis clim\u00e1ticas, por lo que es tarea de ambos pa\u00edses generar acciones para resolverlas. &nbsp;&nbsp;<\/p>\n\n\n\n<p>Dentro de la reuni\u00f3n tambi\u00e9n participaron Rafael Ojeda Dur\u00e1n, secretario de Marina; Raquel Bueno Rostro, secretaria de Econom\u00eda; Roc\u00edo Nahle, secretaria de Energ\u00eda; Octavio Romero Oropeza, director de Pemex; Manuel Bartlett D\u00edaz, director de la Comisi\u00f3n Federal de Electricidad; Mar\u00eda Elena \u00c1lvarez Buylla, directora del Conacyt; Roberto Velasco \u00c1lvarez, jefe de la Unidad de Am\u00e9rica del Norte de Relaciones Exteriores; y Francisco Acu\u00f1a.<\/p>\n\n\n\n<p>Adem\u00e1s, por parte del gobierno Norteamericano estuvieron presentes Ken Salazar, embajador de Estados Unidos en M\u00e9xico; Ken Roy, c\u00f3nsul General del Consulado General de los Estados Unidos en Hermosillo; Reed Schuler, asesor de John Kerry; y Steve Conlon oficial econ\u00f3mico de la embajada de Estados Unidos en M\u00e9xico.<\/p>\n\n\n\n<p>E invitados de empresas relacionadas con energ\u00eda:&nbsp; Tania Ortiz Mena, presidenta para M\u00e9xico de Sempra; Ra\u00fal del Campo N\u00fa\u00f1ez, director de Relaciones Gubernamentales de Ford M\u00e9xico; Gabriel Gustavo Monroy, vicepresidente y encargado para M\u00e9xico de invenergy;&nbsp; Eugenio Grandio de la Torre, representante de Tesla; Rogelio Arzate, director de relaciones con Gobierno de asuntos institucionales de General Motors; Mariela de John, Vicepresidenta de Gesti\u00f3n comercial, the Pattern Energy;&nbsp; \u00d3scar S\u00e1nchez Barajas, director de Operaciones de Skyworks Solutions.<\/p>\n","protected":false},"excerpt":{"rendered":"<p>Ciudad de M\u00e9xico, 29 de octubre, 2022.- \u201cPara el a\u00f1o 2024 el 98% del gas metano que se genera con la producci\u00f3n de petr\u00f3leo en M\u00e9xico se va a reutilizar\u201d, indic\u00f3 Marcelo Ebrard, secretario de Relaciones Exteriores, al presentar los resultados de la reuni\u00f3n, entre el presidente Andr\u00e9s Manuel L\u00f3pez Obrador y John Kerry, enviado [&hellip;]<\/p>\n","protected":false},"author":18,"featured_media":0,"comment_status":"closed","ping_status":"closed","sticky":false,"template":"","format":"standard","meta":{"footnotes":""},"categories":[533],"tags":[],"class_list":["post-17425","post","type-post","status-publish","format-standard","hentry","category-energia"],"_links":{"self":[{"href":"https:\/\/arzatenoticias.com\/wp-json\/wp\/v2\/posts\/17425","targetHints":{"allow":["GET"]}}],"collection":[{"href":"https:\/\/arzatenoticias.com\/wp-json\/wp\/v2\/posts"}],"about":[{"href":"https:\/\/arzatenoticias.com\/wp-json\/wp\/v2\/types\/post"}],"author":[{"embeddable":true,"href":"https:\/\/arzatenoticias.com\/wp-json\/wp\/v2\/users\/18"}],"replies":[{"embeddable":true,"href":"https:\/\/arzatenoticias.com\/wp-json\/wp\/v2\/comments?post=17425"}],"version-history":[{"count":4,"href":"https:\/\/arzatenoticias.com\/wp-json\/wp\/v2\/posts\/17425\/revisions"}],"predecessor-version":[{"id":17479,"href":"https:\/\/arzatenoticias.com\/wp-json\/wp\/v2\/posts\/17425\/revisions\/17479"}],"wp:attachment":[{"href":"https:\/\/arzatenoticias.com\/wp-json\/wp\/v2\/media?parent=17425"}],"wp:term":[{"taxonomy":"category","embeddable":true,"href":"https:\/\/arzatenoticias.com\/wp-json\/wp\/v2\/categories?post=17425"},{"taxonomy":"post_tag","embeddable":true,"href":"https:\/\/arzatenoticias.com\/wp-json\/wp\/v2\/tags?post=17425"}],"curies":[{"name":"wp","href":"https:\/\/api.w.org\/{rel}","templated":true}]}}