{"id":16885,"date":"2022-10-10T10:24:17","date_gmt":"2022-10-10T15:24:17","guid":{"rendered":"https:\/\/arzatenoticias.com\/?p=16885"},"modified":"2022-10-10T10:30:19","modified_gmt":"2022-10-10T15:30:19","slug":"pide-idic-a-raquel-buenrostro-continuar-programa-de-politica-industrial","status":"publish","type":"post","link":"https:\/\/arzatenoticias.com\/2022\/10\/10\/pide-idic-a-raquel-buenrostro-continuar-programa-de-politica-industrial\/","title":{"rendered":"Pide IDIC a Raquel Buenrostro continuar programa de pol\u00edtica industrial"},"content":{"rendered":"\n<p>Ciudad de M\u00e9xico, 10 de octubre, 2022.- El Instituto para el Desarrollo Industrial y el Crecimiento Econ\u00f3mico, (IDIC), pidi\u00f3 a la nueva secretaria de Econom\u00eda, Raquel Buenrostro, dar continuidad a los trabajos y esfuerzos de dise\u00f1o de pol\u00edticas industriales que se han realizado en M\u00e9xico y que impulsar\u00e1n el crecimiento econ\u00f3mico y el desarrollo social del pa\u00eds, se\u00f1al\u00f3 Jos\u00e9 Luis de la Cruz, director del organismo.<\/p>\n\n\n\n<p>Destac\u00f3 que es muy importante mantener la comunicaci\u00f3n de la nueva secretaria de Econom\u00eda con el sector privado, por los retos que van a enfrentar juntos, como es la negociaci\u00f3n con Estados Unidos y Canad\u00e1 en temas de materia energ\u00e9tica y otros asuntos relacionados con el TMEC.<\/p>\n\n\n\n<p>Asimismo, en el tema de las negociaciones del tratado con Corea, para tomar en consideraci\u00f3n las ventajas que puede tener el pa\u00eds, pero tambi\u00e9n las afectaciones que en un momento dado puede sufrir la industria, sobre todo las manufactureras si se tiene un acuerdo que no garantice cierto grado de equidad, que no ponga un piso parejo en t\u00e9rminos de apoyos que all\u00e1 se dan y que en un momento dado podr\u00edan exponer a la industria nacional.<\/p>\n\n\n\n<p>Se\u00f1al\u00f3 que el perfil de la nueva secretaria de Econom\u00eda es conveniente para desempe\u00f1ar para la funci\u00f3n, ya que Raquel Buenrostro tiene maestr\u00eda en Econom\u00eda por el Colegio de M\u00e9xico y ya se ha desempe\u00f1ado en los \u00faltimos 20 a\u00f1os en el sector p\u00fablico, en distintas \u00e1reas vinculadas con la econom\u00eda.<\/p>\n\n\n\n<p>\u201cParte de sus trabajos de investigaci\u00f3n han sido en relaci\u00f3n a estos temas (econ\u00f3micos)\u2026, el perfil si es de alguien t\u00e9cnicamente s\u00f3lido y preparado para la funci\u00f3n\u201d, opin\u00f3.<\/p>\n\n\n\n<p>Se\u00f1al\u00f3 que habr\u00e1 que observar qu\u00e9 opini\u00f3n tiene Buenrostro sobre los avances que se han tenido en el tema de la pol\u00edtica industrial, entre otros.<\/p>\n\n\n\n<p>\u201cMe parece alguien con una formaci\u00f3n muy s\u00f3lida, t\u00e9cnicamente preparada y que en principio podr\u00eda mantener algunos elementos positivos en donde se hab\u00eda avanzado y en donde adem\u00e1s tendr\u00e1 que enfrentar los paneles que se tienen con Estados Unidos en materia de comercio exterior, energ\u00eda, y ah\u00ed yo creo que s\u00ed tiene la preparaci\u00f3n suficiente para hacerlo bastante bien\u201d.<\/p>\n\n\n\n<p>\u201cYo no creo que genere demasiada incertidumbre respecto al cambio de la secretaria Tatiana Clouthier, porque no habr\u00eda demasiadas modificaciones\u201d.<\/p>\n\n\n\n<p>Aunque reconoci\u00f3 que s\u00ed hubo cierta sorpresa y ahora depender\u00e1 de los primeros pasos que d\u00e9 la nueva secretaria para poder entrar r\u00e1pidamente en di\u00e1logo con el sector productivo y tratar con eso de atenuar esa incertidumbre que se gener\u00f3.<\/p>\n\n\n\n<p>\u201cFue algo repentino y se entiende las inquietudes que se pueden despertar, pero yo creo que, si logra tener un buen proceso de comunicaci\u00f3n y demostrar sus capacidades t\u00e9cnicas tendr\u00e1 \u00e9xito\u201d.<\/p>\n\n\n\n<p>Record\u00f3 que Buenrostro logr\u00f3 mantener la recaudaci\u00f3n fiscal en la peor crisis econ\u00f3mica que ha vivido el pa\u00eds, lo cual es algo que le acredita t\u00e9cnicamente.<\/p>\n\n\n\n<p>Adem\u00e1s, no es desconocida ya que trabajaba en el Servicio de Administraci\u00f3n Tributaria y ah\u00ed ten\u00eda cierto contacto con la industria por lo que depender\u00e1 de su comunicaci\u00f3n y que tan r\u00e1pido atienda los sectores.<\/p>\n\n\n\n<p>De la Cruz reconoci\u00f3 el trabajo de Clouthier, donde en t\u00e9rminos de pol\u00edtica industrial s\u00ed se tuvo un logro importante, despu\u00e9s de 30 a\u00f1os que no existi\u00f3 una pol\u00edtica industrial en el estado mexicano la secretaria sac\u00f3 ese tema adelante y lo hizo con consenso con el sector privado.<\/p>\n\n\n\n<p>Respecto a la econom\u00eda, le toc\u00f3 el periodo de la recuperaci\u00f3n de la pandemia, y la industria fue la que tuvo el mejor desempe\u00f1o de los tres sectores (Industria, servicios y primario), donde la industria, a trav\u00e9s de las manufacturas que es la que ha tenido el crecimiento m\u00e1s importante con tasas de m\u00e1s de 3.5 y en algunos meses hasta cerca de 5%, entonces cumpli\u00f3 bien.<\/p>\n\n\n\n<p>\u201cEl tema que qued\u00f3 sobre la mesa, no depend\u00eda de ella pues son las negociaciones con Estados Unidos en los temas energ\u00e9ticos y ah\u00ed depende tambi\u00e9n de los tiempos en Estados Unidos y Canad\u00e1 y se sigue avanzando y es ah\u00ed donde veremos los primeros desaf\u00edos de la nueva secretaria.<\/p>\n\n\n\n<p>Destac\u00f3 que M\u00e9xico deber\u00eda tener la visi\u00f3n y entender bien qu\u00e9 es la pol\u00edtica Industrial porque es la \u00fanica que ha dado resultados en el mundo en los \u00faltimos 50 a\u00f1os para que los pa\u00edses salgan de la pobreza y para que tengan un mayor desarrollo econ\u00f3mico.<\/p>\n\n\n\n<p>Para que tenga \u00e9xito la pol\u00edtica industrial se requiere 1) Tener la visi\u00f3n, 2) Tener los instrumentos, es decir el financiamiento, 3) Mecanismos de innovaci\u00f3n tecnol\u00f3gica, 4) Un sistema educativo alineado con los objetivos, 5 Una coordinaci\u00f3n p\u00fablico-privada-acad\u00e9mica para toda la instrumentaci\u00f3n que se requiere.<\/p>\n\n\n\n<p>Coment\u00f3 que: \u201cEso es donde creo que M\u00e9xico tiene que estar avanzando r\u00e1pidamente porque en estos momentos Corea del Sur y otros pa\u00edses avanzan con grandes pasos aplicando la pol\u00edtica industrial\u201d.<\/p>\n\n\n\n<p>Subray\u00f3 que M\u00e9xico debe tener una pol\u00edtica industrial, con temas como el contenido nacional, fortalecer lo hecho en M\u00e9xico, delinear sectores y regiones estrat\u00e9gicos y vincularlas con esos sectores industriales e impulsar la banca de desarrollo.<\/p>\n","protected":false},"excerpt":{"rendered":"<p>Ciudad de M\u00e9xico, 10 de octubre, 2022.- El Instituto para el Desarrollo Industrial y el Crecimiento Econ\u00f3mico, (IDIC), pidi\u00f3 a la nueva secretaria de Econom\u00eda, Raquel Buenrostro, dar continuidad a los trabajos y esfuerzos de dise\u00f1o de pol\u00edticas industriales que se han realizado en M\u00e9xico y que impulsar\u00e1n el crecimiento econ\u00f3mico y el desarrollo social [&hellip;]<\/p>\n","protected":false},"author":2,"featured_media":0,"comment_status":"closed","ping_status":"closed","sticky":false,"template":"","format":"standard","meta":{"footnotes":""},"categories":[174],"tags":[],"class_list":["post-16885","post","type-post","status-publish","format-standard","hentry","category-negocios"],"_links":{"self":[{"href":"https:\/\/arzatenoticias.com\/wp-json\/wp\/v2\/posts\/16885","targetHints":{"allow":["GET"]}}],"collection":[{"href":"https:\/\/arzatenoticias.com\/wp-json\/wp\/v2\/posts"}],"about":[{"href":"https:\/\/arzatenoticias.com\/wp-json\/wp\/v2\/types\/post"}],"author":[{"embeddable":true,"href":"https:\/\/arzatenoticias.com\/wp-json\/wp\/v2\/users\/2"}],"replies":[{"embeddable":true,"href":"https:\/\/arzatenoticias.com\/wp-json\/wp\/v2\/comments?post=16885"}],"version-history":[{"count":1,"href":"https:\/\/arzatenoticias.com\/wp-json\/wp\/v2\/posts\/16885\/revisions"}],"predecessor-version":[{"id":16887,"href":"https:\/\/arzatenoticias.com\/wp-json\/wp\/v2\/posts\/16885\/revisions\/16887"}],"wp:attachment":[{"href":"https:\/\/arzatenoticias.com\/wp-json\/wp\/v2\/media?parent=16885"}],"wp:term":[{"taxonomy":"category","embeddable":true,"href":"https:\/\/arzatenoticias.com\/wp-json\/wp\/v2\/categories?post=16885"},{"taxonomy":"post_tag","embeddable":true,"href":"https:\/\/arzatenoticias.com\/wp-json\/wp\/v2\/tags?post=16885"}],"curies":[{"name":"wp","href":"https:\/\/api.w.org\/{rel}","templated":true}]}}