{"id":16693,"date":"2022-09-29T12:46:27","date_gmt":"2022-09-29T17:46:27","guid":{"rendered":"https:\/\/arzatenoticias.com\/?p=16693"},"modified":"2022-09-29T12:49:12","modified_gmt":"2022-09-29T17:49:12","slug":"confirma-tepjf-gubernatura-de-americo-americo-villarreal-en-tamaulipas","status":"publish","type":"post","link":"https:\/\/arzatenoticias.com\/2022\/09\/29\/confirma-tepjf-gubernatura-de-americo-americo-villarreal-en-tamaulipas\/","title":{"rendered":"Confirma TEPJF gubernatura de Am\u00e9rico Villarreal en Tamaulipas"},"content":{"rendered":"\n<p>Ciudad de M\u00e9xico, 29 de septiembre, 2022.- Tamaulipas ser\u00e1 gobernado por Am\u00e9rico Villareal para el pr\u00f3ximo sexenio luego de que la Sala Superior del Tribunal Electoral del Poder Judicial de la Federaci\u00f3n (TEPJF) confirm\u00f3 su triunfo en la elecci\u00f3n que el Partido Acci\u00f3n Nacional (PAN) acus\u00f3 como indebida.<\/p>\n\n\n\n<p>Magistrados del TEPJF determinaron que las pruebas presentadas por el PAN no son suficientes para se\u00f1alar que en la elecci\u00f3n del 5 de junio, donde Villarreal result\u00f3 triunfante, hubiera intervenci\u00f3n de grupos del crimen organizado con financiamiento de su campa\u00f1a y coacci\u00f3n de votos a su favor.<\/p>\n\n\n\n<p>La propuesta fue elaborada en la ponencia del magistrado Jose Luis Vargas Valdez y ayer en la tarde fue aprobada por la mayor\u00eda del pleno en sesi\u00f3n p\u00fablica.<\/p>\n\n\n\n<p>Durante la sesi\u00f3n, se declar\u00f3 que las pruebas presentadas por el PAN, donde supuestamente intervino el grupo delictivo \u201cColumna Armada Pedro Jos\u00e9 M\u00e9ndez\u201d y el finado empresario Sergio Carmona, hab\u00edan sido presentadas tarde y eran gen\u00e9ricas ya que no establecen ning\u00fan nexo con Am\u00e9rico Villareal.<\/p>\n\n\n\n<p>Ante las acusasiones de la injerencia de funcionarios como el secretario de Gobernaci\u00f3n, Ad\u00e1n Augusto L\u00f3pez; el secretario de Relaciones Exteriores, Marcelo Ebrard, y la jefa de gobierno de la Ciudad de M\u00e9xico, Claudia Sheinbaum, los magistrados difirieron sobre la intervenci\u00f3n y coincidieron en que, sus actos no fueron sistem\u00e1ticos ni determinantes en el resultado de los comicios.<\/p>\n\n\n\n<p>En ese sentido, Am\u00e9rico Villarreal, postulado por la alianza Morena-PT-PVEM, tomar\u00e1 la gubernatura de Tamaulipas, para el periodo 2022 \u2013 2028, el pr\u00f3ximo primero de octubre, y suceder\u00e1 en el cargo al panista&nbsp;Francisco Garc\u00eda Cabeza de Vaca.<\/p>\n\n\n\n<p>En conferencia de prensa matutina, el presidente Manuel L\u00f3pez Obrador, destac\u00f3 que hubo campa\u00f1as de desprestigio en contra de Am\u00e9rico Villarreal, pero al final se respeta la voluntad del pueblo con la resoluci\u00f3n del Tribunal.<\/p>\n","protected":false},"excerpt":{"rendered":"<p>Ciudad de M\u00e9xico, 29 de septiembre, 2022.- Tamaulipas ser\u00e1 gobernado por Am\u00e9rico Villareal para el pr\u00f3ximo sexenio luego de que la Sala Superior del Tribunal Electoral del Poder Judicial de la Federaci\u00f3n (TEPJF) confirm\u00f3 su triunfo en la elecci\u00f3n que el Partido Acci\u00f3n Nacional (PAN) acus\u00f3 como indebida. Magistrados del TEPJF determinaron que las pruebas [&hellip;]<\/p>\n","protected":false},"author":17,"featured_media":0,"comment_status":"closed","ping_status":"closed","sticky":false,"template":"","format":"standard","meta":{"footnotes":""},"categories":[174],"tags":[],"class_list":["post-16693","post","type-post","status-publish","format-standard","hentry","category-negocios"],"_links":{"self":[{"href":"https:\/\/arzatenoticias.com\/wp-json\/wp\/v2\/posts\/16693","targetHints":{"allow":["GET"]}}],"collection":[{"href":"https:\/\/arzatenoticias.com\/wp-json\/wp\/v2\/posts"}],"about":[{"href":"https:\/\/arzatenoticias.com\/wp-json\/wp\/v2\/types\/post"}],"author":[{"embeddable":true,"href":"https:\/\/arzatenoticias.com\/wp-json\/wp\/v2\/users\/17"}],"replies":[{"embeddable":true,"href":"https:\/\/arzatenoticias.com\/wp-json\/wp\/v2\/comments?post=16693"}],"version-history":[{"count":3,"href":"https:\/\/arzatenoticias.com\/wp-json\/wp\/v2\/posts\/16693\/revisions"}],"predecessor-version":[{"id":16698,"href":"https:\/\/arzatenoticias.com\/wp-json\/wp\/v2\/posts\/16693\/revisions\/16698"}],"wp:attachment":[{"href":"https:\/\/arzatenoticias.com\/wp-json\/wp\/v2\/media?parent=16693"}],"wp:term":[{"taxonomy":"category","embeddable":true,"href":"https:\/\/arzatenoticias.com\/wp-json\/wp\/v2\/categories?post=16693"},{"taxonomy":"post_tag","embeddable":true,"href":"https:\/\/arzatenoticias.com\/wp-json\/wp\/v2\/tags?post=16693"}],"curies":[{"name":"wp","href":"https:\/\/api.w.org\/{rel}","templated":true}]}}