{"id":16569,"date":"2022-09-22T17:44:45","date_gmt":"2022-09-22T22:44:45","guid":{"rendered":"https:\/\/arzatenoticias.com\/?p=16569"},"modified":"2022-09-22T18:47:14","modified_gmt":"2022-09-22T23:47:14","slug":"secretaria-de-energia-ya-opera-desde-tabasco-amlo","status":"publish","type":"post","link":"https:\/\/arzatenoticias.com\/2022\/09\/22\/secretaria-de-energia-ya-opera-desde-tabasco-amlo\/","title":{"rendered":"Secretar\u00eda de Energ\u00eda ya opera desde Tabasco: AMLO"},"content":{"rendered":"\n<p>Ciudad de M\u00e9xico, 22 de septiembre, 2022.- Como parte del compromiso de descentralizaci\u00f3n del gobierno, la Secretar\u00eda de Energ\u00eda (Sener) ya opera desde Villahermosa, Tabasco, inform\u00f3 el presidente Andr\u00e9s Manuel L\u00f3pez Obrador.<\/p>\n\n\n\n<p>El compromiso 100 del gobierno, dijo, es el de la descentralizaci\u00f3n del mismo. \u201cNos vino la pandemia, no es excusa, pero tuvimos que actuar en la emergencia, no se avanz\u00f3 o todav\u00eda nos falta avanzar\u201d, declar\u00f3 durante su conferencia ma\u00f1anera.<\/p>\n\n\n\n<p>El presidente indic\u00f3 que Roc\u00edo Nahle, secretaria de Energ\u00eda, anteriormente ubicada en la Ciudad de M\u00e9xico, ya est\u00e1 despachando desde Villahermosa, Tabasco.<\/p>\n\n\n\n<p>Tambi\u00e9n dijo que la Secretar\u00eda de Salud ya se est\u00e1 trasladando a Guerrero, que se est\u00e1 trabajando para que la Secretar\u00eda de Educaci\u00f3n se traslade a Puebla, la de Bienestar a Oaxaca, as\u00ed como otras secretar\u00edas.<\/p>\n\n\n\n<p>\u201cSer\u00e1 un proceso que nos llevar\u00e1 tiempo porque no s\u00f3lo se trata de los directivos, que eso ya es un paso, sino que sean todos los trabajadores, para lo cual se requiere un acuerdo y tiene que haber un consenso porque no se puede imponer nada y se tienen que garantizar prestaciones, atender el problema de la vivienda, la educaci\u00f3n, es todo un proceso pero no hemos descartado esa posibilidad\u201d, explic\u00f3 el presidente sobre el traslado de la secretar\u00edas.<\/p>\n","protected":false},"excerpt":{"rendered":"<p>Ciudad de M\u00e9xico, 22 de septiembre, 2022.- Como parte del compromiso de descentralizaci\u00f3n del gobierno, la Secretar\u00eda de Energ\u00eda (Sener) ya opera desde Villahermosa, Tabasco, inform\u00f3 el presidente Andr\u00e9s Manuel L\u00f3pez Obrador. El compromiso 100 del gobierno, dijo, es el de la descentralizaci\u00f3n del mismo. \u201cNos vino la pandemia, no es excusa, pero tuvimos que [&hellip;]<\/p>\n","protected":false},"author":18,"featured_media":0,"comment_status":"closed","ping_status":"closed","sticky":false,"template":"","format":"standard","meta":{"footnotes":""},"categories":[533],"tags":[],"class_list":["post-16569","post","type-post","status-publish","format-standard","hentry","category-energia"],"_links":{"self":[{"href":"https:\/\/arzatenoticias.com\/wp-json\/wp\/v2\/posts\/16569","targetHints":{"allow":["GET"]}}],"collection":[{"href":"https:\/\/arzatenoticias.com\/wp-json\/wp\/v2\/posts"}],"about":[{"href":"https:\/\/arzatenoticias.com\/wp-json\/wp\/v2\/types\/post"}],"author":[{"embeddable":true,"href":"https:\/\/arzatenoticias.com\/wp-json\/wp\/v2\/users\/18"}],"replies":[{"embeddable":true,"href":"https:\/\/arzatenoticias.com\/wp-json\/wp\/v2\/comments?post=16569"}],"version-history":[{"count":2,"href":"https:\/\/arzatenoticias.com\/wp-json\/wp\/v2\/posts\/16569\/revisions"}],"predecessor-version":[{"id":16573,"href":"https:\/\/arzatenoticias.com\/wp-json\/wp\/v2\/posts\/16569\/revisions\/16573"}],"wp:attachment":[{"href":"https:\/\/arzatenoticias.com\/wp-json\/wp\/v2\/media?parent=16569"}],"wp:term":[{"taxonomy":"category","embeddable":true,"href":"https:\/\/arzatenoticias.com\/wp-json\/wp\/v2\/categories?post=16569"},{"taxonomy":"post_tag","embeddable":true,"href":"https:\/\/arzatenoticias.com\/wp-json\/wp\/v2\/tags?post=16569"}],"curies":[{"name":"wp","href":"https:\/\/api.w.org\/{rel}","templated":true}]}}