{"id":16477,"date":"2022-09-20T14:17:53","date_gmt":"2022-09-20T19:17:53","guid":{"rendered":"https:\/\/arzatenoticias.com\/?p=16477"},"modified":"2022-09-20T14:17:55","modified_gmt":"2022-09-20T19:17:55","slug":"creacion-de-asociacion-mexicana-de-carbono-impactara-en-industria-energetica","status":"publish","type":"post","link":"https:\/\/arzatenoticias.com\/2022\/09\/20\/creacion-de-asociacion-mexicana-de-carbono-impactara-en-industria-energetica\/","title":{"rendered":"Creaci\u00f3n de Asociaci\u00f3n Mexicana de Carbono impactar\u00e1 en industria energ\u00e9tica"},"content":{"rendered":"\n<p>Ciudad de M\u00e9xico, 20 de septiembre, 2022.- Grupo Bolsa Mexicana de Valores anunci\u00f3 la creaci\u00f3n de la Asociaci\u00f3n Mexicana de Carbono, cuyo objetivo ser\u00e1 procurar la integridad ambiental del mercado de carbono mediante diversas acciones en la materia<\/p>\n\n\n\n<p>La asociaci\u00f3n impactar\u00e1 la industria energ\u00e9tica al apoyar a las empresas en la reducci\u00f3n de carbono en los procesos de generaci\u00f3n de energ\u00eda y, al mismo tiempo, propiciando el uso de fuentes limpias.<\/p>\n\n\n\n<p>La creaci\u00f3n forma parte de las iniciativas que M\u00c9XICO2, la plataforma de mercados ambientales del Grupo BMV, est\u00e1 llevando a cabo para impulsar los mercados bajos en carbono.<\/p>\n\n\n\n<p>Est\u00e1 integrada por los estados de Guanajuato, Quer\u00e9taro, Sonora, Yucat\u00e1n y otros que ser\u00e1n actores relevantes del mercado como desarrolladores, intermediarios, compradores, proveedores de servicios, certificadores y expertos de mercado de carbono.<\/p>\n\n\n\n<p>La agrupaci\u00f3n trabajar\u00e1 para fortalecer y consolidar el mercado del carbono local, con el objetivo de cumplir los compromisos del Acuerdo de Par\u00eds y al logro de los Objetivos de Desarrollo Sostenible de M\u00e9xico.<\/p>\n\n\n\n<p>\u201cLa acci\u00f3n de los gobiernos y de todo el sector privado es crucial para generar herramientas financieras que permitan prevenir, mitigar, reducir y divulgar sus emisiones de gases de efecto invernadero de la forma m\u00e1s costo-efectiva, como son los bonos tem\u00e1ticos, bonos vinculados a la sostenibilidad, certificados de carbono, entre otros\u201d, destac\u00f3 Jos\u00e9-Oriol Bosch, director general del Grupo BMV.<\/p>\n\n\n\n<p>En tanto, David Col\u00edn, director de Operaciones en MEXICO2, apunt\u00f3 que a\u00fan cuando Latinoam\u00e9rica y el Caribe contribuyen con menos del 10% de las emisiones de GEI en el mundo, existe gran inter\u00e9s en instrumentos de precio al carbono y cinco de las grandes econom\u00edas en la regi\u00f3n cuentan con mecanismos ya implementados a nivel nacional y subnacional.<\/p>\n\n\n\n<p>Con el lanzamiento de esta Asociaci\u00f3n, M\u00c9XICO2, parte del Grupo BMV, recalca su experiencia en los mercados de carbono local y en el desarrollo de diferentes plataformas que contribuyen a la lucha del cambio clim\u00e1tico en nuestro pa\u00eds.<\/p>\n","protected":false},"excerpt":{"rendered":"<p>Ciudad de M\u00e9xico, 20 de septiembre, 2022.- Grupo Bolsa Mexicana de Valores anunci\u00f3 la creaci\u00f3n de la Asociaci\u00f3n Mexicana de Carbono, cuyo objetivo ser\u00e1 procurar la integridad ambiental del mercado de carbono mediante diversas acciones en la materia La asociaci\u00f3n impactar\u00e1 la industria energ\u00e9tica al apoyar a las empresas en la reducci\u00f3n de carbono en [&hellip;]<\/p>\n","protected":false},"author":18,"featured_media":0,"comment_status":"closed","ping_status":"closed","sticky":false,"template":"","format":"standard","meta":{"footnotes":""},"categories":[533],"tags":[],"class_list":["post-16477","post","type-post","status-publish","format-standard","hentry","category-energia"],"_links":{"self":[{"href":"https:\/\/arzatenoticias.com\/wp-json\/wp\/v2\/posts\/16477","targetHints":{"allow":["GET"]}}],"collection":[{"href":"https:\/\/arzatenoticias.com\/wp-json\/wp\/v2\/posts"}],"about":[{"href":"https:\/\/arzatenoticias.com\/wp-json\/wp\/v2\/types\/post"}],"author":[{"embeddable":true,"href":"https:\/\/arzatenoticias.com\/wp-json\/wp\/v2\/users\/18"}],"replies":[{"embeddable":true,"href":"https:\/\/arzatenoticias.com\/wp-json\/wp\/v2\/comments?post=16477"}],"version-history":[{"count":1,"href":"https:\/\/arzatenoticias.com\/wp-json\/wp\/v2\/posts\/16477\/revisions"}],"predecessor-version":[{"id":16479,"href":"https:\/\/arzatenoticias.com\/wp-json\/wp\/v2\/posts\/16477\/revisions\/16479"}],"wp:attachment":[{"href":"https:\/\/arzatenoticias.com\/wp-json\/wp\/v2\/media?parent=16477"}],"wp:term":[{"taxonomy":"category","embeddable":true,"href":"https:\/\/arzatenoticias.com\/wp-json\/wp\/v2\/categories?post=16477"},{"taxonomy":"post_tag","embeddable":true,"href":"https:\/\/arzatenoticias.com\/wp-json\/wp\/v2\/tags?post=16477"}],"curies":[{"name":"wp","href":"https:\/\/api.w.org\/{rel}","templated":true}]}}