{"id":16397,"date":"2022-09-13T20:39:37","date_gmt":"2022-09-14T01:39:37","guid":{"rendered":"https:\/\/arzatenoticias.com\/?p=16397"},"modified":"2022-09-13T20:39:38","modified_gmt":"2022-09-14T01:39:38","slug":"tecnologia-5g-oportunidad-para-mexico-para-fomentar-la-inversion","status":"publish","type":"post","link":"https:\/\/arzatenoticias.com\/2022\/09\/13\/tecnologia-5g-oportunidad-para-mexico-para-fomentar-la-inversion\/","title":{"rendered":"Tecnolog\u00eda 5G, oportunidad para M\u00e9xico para fomentar la inversi\u00f3n"},"content":{"rendered":"\n<p>Ciudad de M\u00e9xico, 13 de septiembre, 2022.- Rogelio Jim\u00e9nez Pons, subsecretario de Transportes de la Secretar\u00eda de Infraestructura, Comunicaciones y Transportes (SICT) consider\u00f3 que para acelerar la digitalizaci\u00f3n y adopci\u00f3n de la tecnolog\u00eda 5G, M\u00e9xico debe tener claridad en la adopci\u00f3n de pol\u00edtica p\u00fablica y de la agenda digital para incrementar la infraestructura de telecomunicaciones, remover las barreras que dificultan su despliegue e incentivar la cooperaci\u00f3n entre todos los participantes del ecosistema digital.<\/p>\n\n\n\n<p>En el \u201c5G y su efecto transformador en M\u00e9xico\u201d, organizado por Forbes M\u00e9xico y Ericsson, el funcionario indic\u00f3 que la implementaci\u00f3n de la tecnolog\u00eda 5G implica retos como el fomento a la inversi\u00f3n, la garant\u00eda de seguridad jur\u00eddica, el establecimiento de medidas para mitigar los riesgos cibern\u00e9ticos y la ejecuci\u00f3n de una hoja de ruta para alcanzar la cobertura total de 5G en el mercado masivo.<\/p>\n\n\n\n<p>Otra \u00e1rea de oportunidad que no podemos desatender, agreg\u00f3, es la extensi\u00f3n de cobertura de forma sostenible a nivel comercial para asegurar que los grupos de poblaci\u00f3n en comunidades remotas o de bajos ingresos queden debidamente conectados.<\/p>\n\n\n\n<p>En ese sentido, indic\u00f3 que la SICT trabaja con todas las entidades federativas para impulsar que los municipios adopten las recomendaciones para el despliegue y mantenimiento de la infraestructura de telecomunicaciones y radiodifusi\u00f3n.<\/p>\n\n\n\n<p>Continuaremos trabajando con todos los actores del ecosistema para que estas tecnolog\u00edas sean una realidad, pero sin perder de vista una de las prioridades del gobierno federal que es reducir la brecha digital y conectar a los no conectados.<\/p>\n\n\n\n<p>Refiri\u00f3 que, de acuerdo con un estudio sobre 5G elaborado por Ericsson, la tecnolog\u00eda 5G constituye una plataforma de innovaci\u00f3n por su potencial para optimizar casi todas las operaciones de la industria, comercio, finanzas, medicina y la educaci\u00f3n, por mencionar algunas en beneficio de la sociedad entera.<\/p>\n\n\n\n<p>Destac\u00f3 que los pron\u00f3sticos de Ericsson indican que hacia 2026 habr\u00e1 en todo el mundo 9 mil millones de suscripciones de tecnolog\u00eda m\u00f3vil, de estas casi 5 mil millones ser\u00e1n de tecnolog\u00eda 5G y su cobertura alcanzar\u00e1 60% del territorio mundial.<\/p>\n","protected":false},"excerpt":{"rendered":"<p>Ciudad de M\u00e9xico, 13 de septiembre, 2022.- Rogelio Jim\u00e9nez Pons, subsecretario de Transportes de la Secretar\u00eda de Infraestructura, Comunicaciones y Transportes (SICT) consider\u00f3 que para acelerar la digitalizaci\u00f3n y adopci\u00f3n de la tecnolog\u00eda 5G, M\u00e9xico debe tener claridad en la adopci\u00f3n de pol\u00edtica p\u00fablica y de la agenda digital para incrementar la infraestructura de telecomunicaciones, [&hellip;]<\/p>\n","protected":false},"author":4,"featured_media":0,"comment_status":"closed","ping_status":"closed","sticky":false,"template":"","format":"standard","meta":{"footnotes":""},"categories":[533],"tags":[],"class_list":["post-16397","post","type-post","status-publish","format-standard","hentry","category-energia"],"_links":{"self":[{"href":"https:\/\/arzatenoticias.com\/wp-json\/wp\/v2\/posts\/16397","targetHints":{"allow":["GET"]}}],"collection":[{"href":"https:\/\/arzatenoticias.com\/wp-json\/wp\/v2\/posts"}],"about":[{"href":"https:\/\/arzatenoticias.com\/wp-json\/wp\/v2\/types\/post"}],"author":[{"embeddable":true,"href":"https:\/\/arzatenoticias.com\/wp-json\/wp\/v2\/users\/4"}],"replies":[{"embeddable":true,"href":"https:\/\/arzatenoticias.com\/wp-json\/wp\/v2\/comments?post=16397"}],"version-history":[{"count":1,"href":"https:\/\/arzatenoticias.com\/wp-json\/wp\/v2\/posts\/16397\/revisions"}],"predecessor-version":[{"id":16399,"href":"https:\/\/arzatenoticias.com\/wp-json\/wp\/v2\/posts\/16397\/revisions\/16399"}],"wp:attachment":[{"href":"https:\/\/arzatenoticias.com\/wp-json\/wp\/v2\/media?parent=16397"}],"wp:term":[{"taxonomy":"category","embeddable":true,"href":"https:\/\/arzatenoticias.com\/wp-json\/wp\/v2\/categories?post=16397"},{"taxonomy":"post_tag","embeddable":true,"href":"https:\/\/arzatenoticias.com\/wp-json\/wp\/v2\/tags?post=16397"}],"curies":[{"name":"wp","href":"https:\/\/api.w.org\/{rel}","templated":true}]}}