{"id":16393,"date":"2022-09-13T20:24:43","date_gmt":"2022-09-14T01:24:43","guid":{"rendered":"https:\/\/arzatenoticias.com\/?p=16393"},"modified":"2022-09-13T20:34:25","modified_gmt":"2022-09-14T01:34:25","slug":"mexico-punta-de-lanza-en-conectividad-5g-en-latam","status":"publish","type":"post","link":"https:\/\/arzatenoticias.com\/2022\/09\/13\/mexico-punta-de-lanza-en-conectividad-5g-en-latam\/","title":{"rendered":"M\u00e9xico, punta de lanza en conectividad 5G en LATAM"},"content":{"rendered":"\n<p>Ciudad de M\u00e9xico, 13 de septiembre, 2022.- M\u00e9xico se est\u00e1 posicionando como punta de lanza en Am\u00e9rica Latina en t\u00e9rminos de tecnolog\u00eda 5G, debido a la instalaci\u00f3n y a la cobertura que est\u00e1 llevando a cabo y a la posici\u00f3n estrat\u00e9gica en la que se ubica en la regi\u00f3n, asegur\u00f3 Chafic Nassif, presidente de Ericsson para Latinoam\u00e9rica Norte y El Caribe.<\/p>\n\n\n\n<p>Durante el foro \u201c5G y su efecto transformador en M\u00e9xico\u201d organizado por Forbes M\u00e9xico en Alianza con Ericsson, se\u00f1al\u00f3 que en el presente a\u00f1o M\u00e9xico ha sido el primer pa\u00eds en lanzar la tecnolog\u00eda 5G en gran escala en Am\u00e9rica Latina.<\/p>\n\n\n\n<p>Destac\u00f3 la relevancia de la tecnolog\u00eda pues al menos 15 ciudades en M\u00e9xico pueden beneficiarse de la rede 5G y los usuarios pueden tener beneficios a trav\u00e9s de la conectividad, \u201cel lanzamiento de las redes 5G se ha convertido en un catalizador para los emprendedores, para la transformaci\u00f3n digital y para la industria 4.0\u201d.<\/p>\n\n\n\n<p>Chafic Nassif revel\u00f3 que al menos 10 sectores se beneficiar\u00e1n de las ventajas que les traer\u00e1n la redes 5G: manufacturas, miner\u00eda, agricultura, transporte y log\u00edstica, energ\u00eda, salud, transporte p\u00fablico, medios y entretenimiento, servicios financieros y automotriz. Estas industrias, juntas, tienen potencial con un valor de 700 mil millones de d\u00f3lares para 2030.<\/p>\n\n\n\n<p>Con estos datos, precis\u00f3, la expectativa a largo plazo es que las ventajas que 5G va a reflejarse en un aumento del Producto Interno Bruto de 5 puntos porcentuales. \u201cEsto tendr\u00e1 un impacto en la conectividad y la seguridad de los trabajadores y en las operaciones\u201d.<\/p>\n\n\n\n<p>Record\u00f3 que de acuerdo al reporte del Banco Interamericano de Desarrollo, Am\u00e9rica Latina puede aumentar el n\u00famero de empleos al impulsar el crecimiento econ\u00f3mico, promoviendo la conectividad y cerrar la brecha con los pa\u00edses de la Organizaci\u00f3n para la Cooperaci\u00f3n Econ\u00f3mica (OCDE) podr\u00eda genera 15 millones de empleos, impulsar el PIB a 7.7%, y aumentar la productividad en 6.3%.<\/p>\n\n\n\n<figure class=\"wp-block-image size-full is-style-default\"><img decoding=\"async\" data-src=\"https:\/\/arzatenoticias.com\/wp-content\/uploads\/2022\/09\/Roberto.png\" alt=\"\" class=\"wp-image-16394 lazyload\" src=\"data:image\/svg+xml;base64,PHN2ZyB3aWR0aD0iMSIgaGVpZ2h0PSIxIiB4bWxucz0iaHR0cDovL3d3dy53My5vcmcvMjAwMC9zdmciPjwvc3ZnPg==\" \/><\/figure>\n\n\n\n<p>Previo, Roberto Aguilar, director editorial de Forbes M\u00e9xico se\u00f1al\u00f3 que, de acuerdo con estimaciones de autoridades reguladora en M\u00e9xico, la implementaci\u00f3n de la tecnolog\u00eda 5G generar\u00e1 49 mil millones de d\u00f3lares al a\u00f1o, equivalentes al 4% del PIB en M\u00e9xico.<\/p>\n\n\n\n<p>La tecnolog\u00eda 5G multiplicar\u00e1 por 100 la velocidad y capacidad de lo que hoy utilizamos as\u00ed que tendr\u00e1 un impacto en todas las actividades econ\u00f3micas, pero especialmente en las del sector industrial por el efecto que tendr\u00e1 en productividad, eficiencia y modernizaci\u00f3n, lo cual es vital para la consolidaci\u00f3n de la econom\u00eda.<\/p>\n","protected":false},"excerpt":{"rendered":"<p>Ciudad de M\u00e9xico, 13 de septiembre, 2022.- M\u00e9xico se est\u00e1 posicionando como punta de lanza en Am\u00e9rica Latina en t\u00e9rminos de tecnolog\u00eda 5G, debido a la instalaci\u00f3n y a la cobertura que est\u00e1 llevando a cabo y a la posici\u00f3n estrat\u00e9gica en la que se ubica en la regi\u00f3n, asegur\u00f3 Chafic Nassif, presidente de Ericsson [&hellip;]<\/p>\n","protected":false},"author":9,"featured_media":0,"comment_status":"closed","ping_status":"closed","sticky":false,"template":"","format":"standard","meta":{"footnotes":""},"categories":[533],"tags":[60],"class_list":["post-16393","post","type-post","status-publish","format-standard","hentry","category-energia","tag-featured"],"_links":{"self":[{"href":"https:\/\/arzatenoticias.com\/wp-json\/wp\/v2\/posts\/16393","targetHints":{"allow":["GET"]}}],"collection":[{"href":"https:\/\/arzatenoticias.com\/wp-json\/wp\/v2\/posts"}],"about":[{"href":"https:\/\/arzatenoticias.com\/wp-json\/wp\/v2\/types\/post"}],"author":[{"embeddable":true,"href":"https:\/\/arzatenoticias.com\/wp-json\/wp\/v2\/users\/9"}],"replies":[{"embeddable":true,"href":"https:\/\/arzatenoticias.com\/wp-json\/wp\/v2\/comments?post=16393"}],"version-history":[{"count":1,"href":"https:\/\/arzatenoticias.com\/wp-json\/wp\/v2\/posts\/16393\/revisions"}],"predecessor-version":[{"id":16395,"href":"https:\/\/arzatenoticias.com\/wp-json\/wp\/v2\/posts\/16393\/revisions\/16395"}],"wp:attachment":[{"href":"https:\/\/arzatenoticias.com\/wp-json\/wp\/v2\/media?parent=16393"}],"wp:term":[{"taxonomy":"category","embeddable":true,"href":"https:\/\/arzatenoticias.com\/wp-json\/wp\/v2\/categories?post=16393"},{"taxonomy":"post_tag","embeddable":true,"href":"https:\/\/arzatenoticias.com\/wp-json\/wp\/v2\/tags?post=16393"}],"curies":[{"name":"wp","href":"https:\/\/api.w.org\/{rel}","templated":true}]}}