{"id":16376,"date":"2022-09-13T12:06:48","date_gmt":"2022-09-13T17:06:48","guid":{"rendered":"https:\/\/arzatenoticias.com\/?p=16376"},"modified":"2022-09-13T12:06:49","modified_gmt":"2022-09-13T17:06:49","slug":"en-riesgo-prospectos-de-transicion-energetica-si-no-aumenta-produccion-de-minerales-xavier-garcia-de-quevedo","status":"publish","type":"post","link":"https:\/\/arzatenoticias.com\/2022\/09\/13\/en-riesgo-prospectos-de-transicion-energetica-si-no-aumenta-produccion-de-minerales-xavier-garcia-de-quevedo\/","title":{"rendered":"En riesgo prospectos de transici\u00f3n energ\u00e9tica si no aumenta producci\u00f3n de minerales: Xavier Garc\u00eda de Quevedo"},"content":{"rendered":"\n<p>Ciudad de M\u00e9xico, 13 de septiembre de 2022.- Si la industria minera no act\u00faa r\u00e1pidamente para incrementar su producci\u00f3n, los prospectos de transici\u00f3n energ\u00e9tica estar\u00e1n en riesgo, alert\u00f3 el vicepresidente de Grupo M\u00e9xico, Xavier Garc\u00eda de Quevedo, durante la conferencia \u201cEl Futuro de la Miner\u00eda y el Rol de la Sustentabilidad (ESG)\u201d.<\/p>\n\n\n\n<p>En el evento organizado ayer por Ra\u00fal Morales Garc\u00eda, presidente del Distrito&nbsp; M\u00e9xico de la Asociaci\u00f3n de Ingenieros de Minas, Metalurgistas y Ge\u00f3logos de M\u00e9xico (AIMMGM), en la sede nacional de este organismo, el ejecutivo de Grupo M\u00e9xico indic\u00f3 que la miner\u00eda juega un rol fundamental y claro para apuntalar la transici\u00f3n global a las energ\u00edas limpias.<\/p>\n\n\n\n<p>Acompa\u00f1ado por Efra\u00edn Alva Ni\u00f1o, titular de la Unidad de Coordinaci\u00f3n de Actividades Extractivas de la Secretar\u00eda de Econom\u00eda, Garc\u00eda de Quevedo explic\u00f3 que la transici\u00f3n energ\u00e9tica y la carrera hacia las emisiones cero est\u00e1n aumentando la demanda de metales cr\u00edticos como el litio, n\u00edquel, cobalto, manganeso y grafito para la fabricaci\u00f3n de bater\u00edas.<\/p>\n\n\n\n<p>El cobre, aluminio y zinc son esenciales para la trasmisi\u00f3n y distribuci\u00f3n de las energ\u00edas alternas; el silicio, zinc y las tierras raras para la generaci\u00f3n de energ\u00edas e\u00f3licas y solar, detall\u00f3 al se\u00f1alar que el futuro para la miner\u00eda es incierto.<\/p>\n\n\n\n<p>En ese contexto, opin\u00f3 que el suministro de estos minerales no va a ser suficiente para cubrir la demanda en el corto plazo ya que, hacia el 2030, las energ\u00edas energ\u00edas limpias (solar y e\u00f3lica) las bater\u00edas y los autom\u00f3viles el\u00e9ctricos, demandar\u00e1n m\u00e1s de 5 millones de toneladas de cobre, con lo que se prev\u00e9 un d\u00e9ficit de 8.1 millones de toneladas de ese mineral.<\/p>\n\n\n\n<p>En presencia de la directora general de la C\u00e1mara Minera de M\u00e9xico, Karen Flores Arredondo, el tambi\u00e9n socio activo de la AIMMGM, indic\u00f3 que las inversiones que se requerir\u00edan en los pr\u00f3ximos 10 a\u00f1os para cubrir el d\u00e9ficit de la demanda de ese mineral se estiman en 150 billones de d\u00f3lares.<\/p>\n\n\n\n<p>El conferencista se\u00f1al\u00f3 que, adicionalmente, hay una significativa falta de inversi\u00f3n en los metales cr\u00edticos, que va a exacerbar el desequilibrio entre oferta y demanda en el corto y mediano plazos.<\/p>\n\n\n\n<p>Dijo que, de acuerdo con la Agencia Internacional de Energ\u00eda, la demanda anual de metales cr\u00edticos para las energ\u00edas limpias y veh\u00edculos el\u00e9ctricos sobrepasar\u00e1 los 400 billones de d\u00f3lares en el 2050, por lo que insisti\u00f3 en que el mundo va a&nbsp; alcanzar las metas de emisiones cero, s\u00f3lo si la industria minera incrementa sustancialmente su producci\u00f3n.<\/p>\n\n\n\n<figure class=\"wp-block-image size-large is-style-default\"><img decoding=\"async\" data-src=\"https:\/\/arzatenoticias.com\/wp-content\/uploads\/2022\/09\/Xavier-Garcia-1-1-1024x691.jpg\" alt=\"\" class=\"wp-image-16378 lazyload\" src=\"data:image\/svg+xml;base64,PHN2ZyB3aWR0aD0iMSIgaGVpZ2h0PSIxIiB4bWxucz0iaHR0cDovL3d3dy53My5vcmcvMjAwMC9zdmciPjwvc3ZnPg==\" style=\"--smush-placeholder-width: 1024px; --smush-placeholder-aspect-ratio: 1024\/691;\" \/><\/figure>\n\n\n\n<p>Los tiempos para obtener los permisos ambientales, la adquisici\u00f3n de terrenos, la soluci\u00f3n de los conflictos sociales, el desarrollo comunitario, el capital humano y el recurso h\u00eddrico son fundamentales para el desarrollo futuro de la miner\u00eda, apunt\u00f3 el experto que el mes pasado recibi\u00f3 una medalla de oro por parte de la Uni\u00f3n Mexicana de Asociaciones de Ingenieros (UMAI), como premio a la <em>\u201cExcelencia a la Ingenier\u00eda 2022\u201d,<\/em> en la categor\u00eda de Operaci\u00f3n\/Direcci\u00f3n.<\/p>\n\n\n\n<p>A la conferencia presencial y transmitida por v\u00eda digital tambi\u00e9n asisti\u00f3 el vicepresidente de Relaciones con Gobiernos y Asociaciones, Andr\u00e9s Robles Osollo, en representaci\u00f3n de Luis Humberto V\u00e1zquez, presidente de la AIMMGM.<\/p>\n","protected":false},"excerpt":{"rendered":"<p>Ciudad de M\u00e9xico, 13 de septiembre de 2022.- Si la industria minera no act\u00faa r\u00e1pidamente para incrementar su producci\u00f3n, los prospectos de transici\u00f3n energ\u00e9tica estar\u00e1n en riesgo, alert\u00f3 el vicepresidente de Grupo M\u00e9xico, Xavier Garc\u00eda de Quevedo, durante la conferencia \u201cEl Futuro de la Miner\u00eda y el Rol de la Sustentabilidad (ESG)\u201d. En el evento [&hellip;]<\/p>\n","protected":false},"author":2,"featured_media":0,"comment_status":"closed","ping_status":"closed","sticky":false,"template":"","format":"standard","meta":{"footnotes":""},"categories":[532],"tags":[60],"class_list":["post-16376","post","type-post","status-publish","format-standard","hentry","category-mineria","tag-featured"],"_links":{"self":[{"href":"https:\/\/arzatenoticias.com\/wp-json\/wp\/v2\/posts\/16376","targetHints":{"allow":["GET"]}}],"collection":[{"href":"https:\/\/arzatenoticias.com\/wp-json\/wp\/v2\/posts"}],"about":[{"href":"https:\/\/arzatenoticias.com\/wp-json\/wp\/v2\/types\/post"}],"author":[{"embeddable":true,"href":"https:\/\/arzatenoticias.com\/wp-json\/wp\/v2\/users\/2"}],"replies":[{"embeddable":true,"href":"https:\/\/arzatenoticias.com\/wp-json\/wp\/v2\/comments?post=16376"}],"version-history":[{"count":1,"href":"https:\/\/arzatenoticias.com\/wp-json\/wp\/v2\/posts\/16376\/revisions"}],"predecessor-version":[{"id":16379,"href":"https:\/\/arzatenoticias.com\/wp-json\/wp\/v2\/posts\/16376\/revisions\/16379"}],"wp:attachment":[{"href":"https:\/\/arzatenoticias.com\/wp-json\/wp\/v2\/media?parent=16376"}],"wp:term":[{"taxonomy":"category","embeddable":true,"href":"https:\/\/arzatenoticias.com\/wp-json\/wp\/v2\/categories?post=16376"},{"taxonomy":"post_tag","embeddable":true,"href":"https:\/\/arzatenoticias.com\/wp-json\/wp\/v2\/tags?post=16376"}],"curies":[{"name":"wp","href":"https:\/\/api.w.org\/{rel}","templated":true}]}}