{"id":16216,"date":"2022-09-05T14:25:46","date_gmt":"2022-09-05T19:25:46","guid":{"rendered":"https:\/\/arzatenoticias.com\/?p=16216"},"modified":"2022-09-05T14:25:48","modified_gmt":"2022-09-05T19:25:48","slug":"busca-fgr-a-tres-presuntos-responsables-de-la-tragedia-en-mina-el-pinabete","status":"publish","type":"post","link":"https:\/\/arzatenoticias.com\/2022\/09\/05\/busca-fgr-a-tres-presuntos-responsables-de-la-tragedia-en-mina-el-pinabete\/","title":{"rendered":"Busca FGR a tres presuntos responsables de la tragedia en Mina El Pinabete"},"content":{"rendered":"\n<p>Sabinas, Coahuila, 05 de septiembre, 2022.- Elementos de la Fiscal\u00eda General de la Rep\u00fablica (FGR), buscan aprehender a tres personas por su probable participaci\u00f3n en la tragedia suscitada en el pozo de la Minera El Pinabete en donde quedaron atrapados 10 mineros y que hasta el momento no han sido localizados.<\/p>\n\n\n\n<p>Los delitos son: incurrir en actos de explotaci\u00f3n il\u00edcita del subsuelo y por permitir que de manera ilegal se realizaran actividades de explotaci\u00f3n del carb\u00f3n mineral en el pozo.<\/p>\n\n\n\n<p>El argumento legal de la FGR es que a trav\u00e9s de la mina de carb\u00f3n El Pinabete, la empresa estar\u00eda incumpliendo con las obligaciones que la ley le impone para realizar ese tipo de actividades y por la posible comisi\u00f3n del delito previsto y sancionado en el art\u00edculo 150 en relaci\u00f3n con el 149 de la Ley General de Bienes Nacionales, tipificado como delito de acci\u00f3n permanente y dolosa, en los t\u00e9rminos de los art\u00edculos 8, 9 y 13 del C\u00f3digo Penal Federal.<\/p>\n\n\n\n<p>Cabe recordar que el d\u00eda 11 de agosto, se solicit\u00f3 audiencia judicial en contra de una persona, por su probable responsabilidad en los actos de direcci\u00f3n y administraci\u00f3n en la explotaci\u00f3n il\u00edcita del subsuelo que es un bien de la Naci\u00f3n, a trav\u00e9s de la mina de carb\u00f3n mineral \u201cEl Pinabete\u201d, incumpliendo con las obligaciones que la ley le impone a quien realiza ese tipo de actividades.<\/p>\n\n\n\n<p>De acuerdo con las investigaciones de la FGR se acredit\u00f3 que otras dos personas incurrieron en una responsabilidad penal al haber permitido que de manera ilegal se realizaran actividades de explotaci\u00f3n del carb\u00f3n mineral en el pozo minero ubicado en la poblaci\u00f3n de Agujita, municipio de Sabinas, Coahuila donde permanecen atrapados 10 mineros.<\/p>\n\n\n\n<p>Las tres personas, que en el comunicado evita mencionar la FGR, fueron citados a declarar, pero como no acudieron a la cita judicial, un juez concedi\u00f3 las tres \u00f3rdenes de aprehensi\u00f3n referidas.<\/p>\n","protected":false},"excerpt":{"rendered":"<p>Sabinas, Coahuila, 05 de septiembre, 2022.- Elementos de la Fiscal\u00eda General de la Rep\u00fablica (FGR), buscan aprehender a tres personas por su probable participaci\u00f3n en la tragedia suscitada en el pozo de la Minera El Pinabete en donde quedaron atrapados 10 mineros y que hasta el momento no han sido localizados. Los delitos son: incurrir [&hellip;]<\/p>\n","protected":false},"author":9,"featured_media":0,"comment_status":"closed","ping_status":"closed","sticky":false,"template":"","format":"standard","meta":{"footnotes":""},"categories":[532],"tags":[60],"class_list":["post-16216","post","type-post","status-publish","format-standard","hentry","category-mineria","tag-featured"],"_links":{"self":[{"href":"https:\/\/arzatenoticias.com\/wp-json\/wp\/v2\/posts\/16216","targetHints":{"allow":["GET"]}}],"collection":[{"href":"https:\/\/arzatenoticias.com\/wp-json\/wp\/v2\/posts"}],"about":[{"href":"https:\/\/arzatenoticias.com\/wp-json\/wp\/v2\/types\/post"}],"author":[{"embeddable":true,"href":"https:\/\/arzatenoticias.com\/wp-json\/wp\/v2\/users\/9"}],"replies":[{"embeddable":true,"href":"https:\/\/arzatenoticias.com\/wp-json\/wp\/v2\/comments?post=16216"}],"version-history":[{"count":1,"href":"https:\/\/arzatenoticias.com\/wp-json\/wp\/v2\/posts\/16216\/revisions"}],"predecessor-version":[{"id":16218,"href":"https:\/\/arzatenoticias.com\/wp-json\/wp\/v2\/posts\/16216\/revisions\/16218"}],"wp:attachment":[{"href":"https:\/\/arzatenoticias.com\/wp-json\/wp\/v2\/media?parent=16216"}],"wp:term":[{"taxonomy":"category","embeddable":true,"href":"https:\/\/arzatenoticias.com\/wp-json\/wp\/v2\/categories?post=16216"},{"taxonomy":"post_tag","embeddable":true,"href":"https:\/\/arzatenoticias.com\/wp-json\/wp\/v2\/tags?post=16216"}],"curies":[{"name":"wp","href":"https:\/\/api.w.org\/{rel}","templated":true}]}}