{"id":15685,"date":"2022-08-03T14:25:07","date_gmt":"2022-08-03T19:25:07","guid":{"rendered":"https:\/\/arzatenoticias.com\/?p=15685"},"modified":"2022-08-03T14:43:34","modified_gmt":"2022-08-03T19:43:34","slug":"investigan-semar-y-fgr-robos-a-plataformas-de-pemex","status":"publish","type":"post","link":"https:\/\/arzatenoticias.com\/2022\/08\/03\/investigan-semar-y-fgr-robos-a-plataformas-de-pemex\/","title":{"rendered":"Investigan Semar y FGR robos a plataformas de Pemex"},"content":{"rendered":"\n<p>Ciudad de M\u00e9xico, 03 de agosto, 2022.- La Secretar\u00eda de Marina (Semar) y la Fiscal\u00eda General de la Rep\u00fablica (FGR), est\u00e1n investigando los recientes robos y asaltos a plataformas petroleras de Petr\u00f3leos Mexicanos (Pemex), inform\u00f3 el presidente Andr\u00e9s Manuel L\u00f3pez Obrador&nbsp;en su conferencia de hoy.<\/p>\n\n\n\n<p>\u201cS\u00ed hay robos y hay investigaciones tambi\u00e9n, lo m\u00e1s preocupante es el riesgo que significan los  robos de equipos de v\u00e1lvulas que pueden ocasionar tragedias\u201d, declar\u00f3.<\/p>\n\n\n\n<p>Reconoci\u00f3 que los robos se han efectuado en plataformas petroleras que se ubican en la Sonda de Campeche, aunque indic\u00f3 que no cuenta con toda la informaci\u00f3n concreta, pero se\u00f1al\u00f3 que uno de lo robos pudo haber ocasionado el estallamiento de ductos en esa zona.\u00a0<\/p>\n\n\n\n<p>Indic\u00f3 que en ese robo estuvo cerca que estuviera presente\u00a0Octavio Romero Oropeza, director general de Pemex; por lo que hasta se pens\u00f3 que pudo haber sido deliberado.<\/p>\n\n\n\n<p>El presidente tambi\u00e9n coment\u00f3 que los robos pueden generar da\u00f1os y p\u00e9rdidas porque se tienen que cerrar ductos. \u201cS\u00ed hubo da\u00f1os, porque se tiene que cerrar todo el sistema de ductos y se deja de extraer petr\u00f3leo\u201d, aclar\u00f3.<\/p>\n\n\n\n<p>Insisti\u00f3 en que la FGR y Semar ya est\u00e1n actuando para dar con los presuntos delincuentes.<\/p>\n\n\n\n<p>Como es sabido, en el presente a\u00f1o se han registrado asaltos y robos a 19 plataformas saqueadas por \u201cpiratas\u201d que se apoderan de herramientas y equipos de c\u00f3mputo valuado en millones de pesos. El \u00faltimo de ellos fue el 16 de julio en las plataformas Akal-M, Akal-DB, Akal-T, Shil-A y Akal-TI.<\/p>\n","protected":false},"excerpt":{"rendered":"<p>Ciudad de M\u00e9xico, 03 de agosto, 2022.- La Secretar\u00eda de Marina (Semar) y la Fiscal\u00eda General de la Rep\u00fablica (FGR), est\u00e1n investigando los recientes robos y asaltos a plataformas petroleras de Petr\u00f3leos Mexicanos (Pemex), inform\u00f3 el presidente Andr\u00e9s Manuel L\u00f3pez Obrador&nbsp;en su conferencia de hoy. \u201cS\u00ed hay robos y hay investigaciones tambi\u00e9n, lo m\u00e1s preocupante [&hellip;]<\/p>\n","protected":false},"author":18,"featured_media":0,"comment_status":"closed","ping_status":"closed","sticky":false,"template":"","format":"standard","meta":{"footnotes":""},"categories":[533],"tags":[60],"class_list":["post-15685","post","type-post","status-publish","format-standard","hentry","category-energia","tag-featured"],"_links":{"self":[{"href":"https:\/\/arzatenoticias.com\/wp-json\/wp\/v2\/posts\/15685","targetHints":{"allow":["GET"]}}],"collection":[{"href":"https:\/\/arzatenoticias.com\/wp-json\/wp\/v2\/posts"}],"about":[{"href":"https:\/\/arzatenoticias.com\/wp-json\/wp\/v2\/types\/post"}],"author":[{"embeddable":true,"href":"https:\/\/arzatenoticias.com\/wp-json\/wp\/v2\/users\/18"}],"replies":[{"embeddable":true,"href":"https:\/\/arzatenoticias.com\/wp-json\/wp\/v2\/comments?post=15685"}],"version-history":[{"count":4,"href":"https:\/\/arzatenoticias.com\/wp-json\/wp\/v2\/posts\/15685\/revisions"}],"predecessor-version":[{"id":15691,"href":"https:\/\/arzatenoticias.com\/wp-json\/wp\/v2\/posts\/15685\/revisions\/15691"}],"wp:attachment":[{"href":"https:\/\/arzatenoticias.com\/wp-json\/wp\/v2\/media?parent=15685"}],"wp:term":[{"taxonomy":"category","embeddable":true,"href":"https:\/\/arzatenoticias.com\/wp-json\/wp\/v2\/categories?post=15685"},{"taxonomy":"post_tag","embeddable":true,"href":"https:\/\/arzatenoticias.com\/wp-json\/wp\/v2\/tags?post=15685"}],"curies":[{"name":"wp","href":"https:\/\/api.w.org\/{rel}","templated":true}]}}