{"id":15461,"date":"2022-07-25T14:20:23","date_gmt":"2022-07-25T19:20:23","guid":{"rendered":"https:\/\/arzatenoticias.com\/?p=15461"},"modified":"2022-07-25T14:20:24","modified_gmt":"2022-07-25T19:20:24","slug":"ecomondo-de-mexico-y-solar-power-mexico-ayudan-a-generar-casi-300-mdp-en-negocios","status":"publish","type":"post","link":"https:\/\/arzatenoticias.com\/2022\/07\/25\/ecomondo-de-mexico-y-solar-power-mexico-ayudan-a-generar-casi-300-mdp-en-negocios\/","title":{"rendered":"Ecomondo de Mexico y Solar Power Mexico ayudan a generar casi 300 mdp en negocios"},"content":{"rendered":"\n<p>Ciudad de M\u00e9xico, 25 de junio, 2022.- Ecomondo M\u00e9xico y Solar Power M\u00e9xico lograron los objetivos de impulsar los negocios verdes y la transici\u00f3n energ\u00e9tica renovable y fotovoltaica, que en conjunto ayudaron a generar 262 millones de pesos de negocios relacionados a la industria solar y 82 millones en negocios verdes en la regi\u00f3n de Baj\u00edo.<\/p>\n\n\n\n<p>Bernd Rohde, Director General de Hannover Fairs M\u00e9xico (HFM); Stephen Miner, Presidente de RE+ events; y Thorsten Hofmann, Director de Solar Power M\u00e9xico, dieron a conocer el reporte de resultados de la tercera edici\u00f3n de Solar Power M\u00e9xico y la primera edici\u00f3n de Ecomondo M\u00e9xico.<\/p>\n\n\n\n<p>Informaron que debido a la participaci\u00f3n de m\u00e1s 100 expositores nacionales e internacionales l\u00edderes de la industria, m\u00e1s de cinco mil visitantes tuvieron acceso a los \u00faltimos avances tecnol\u00f3gicos relacionados con las energ\u00edas renovables y la sustentabilidad.<\/p>\n\n\n\n<p>Thorsten Hofmann, enfatiz\u00f3 que \u201cen esta edici\u00f3n de Solar Power M\u00e9xico se configur\u00f3 un programa de m\u00e1s de 30 conferencias y talleres especializados para la industria fotovoltaica y del almacenamiento de energ\u00eda, con lo cual, fortalecimos la profesionalizaci\u00f3n de la industria y difundimos las tendencias y \u00faltimas innovaciones que ser\u00e1n accesibles para todos nuestros visitantes en ediciones futuras del evento\u201d.<\/p>\n\n\n\n<p>Agreg\u00f3 que \u201cen Deutsche Messe e Italian Exhibition Group estamos muy contentos de haber creado una gran alianza para traer al pa\u00eds la primera edici\u00f3n de Ecomondo M\u00e9xico, la exhibici\u00f3n l\u00edder en Europa para las tecnolog\u00edas e innovaciones industriales enfocadas en la transici\u00f3n ecol\u00f3gica y la econom\u00eda circular, con la cual esperamos seguir contribuyendo para que M\u00e9xico y Latinoam\u00e9rica transiten hacia un modelo circular que nos permita generar beneficios ambientales, crecimiento econ\u00f3mico y equidad social\u201d.<\/p>\n\n\n\n<p>Alessandra Astolfi, Directora de Ecomondo R\u00edmini, dijo que \u201cM\u00e9xico es un socio estrat\u00e9gico de Italian Exhibition Group (IEG) para la expansi\u00f3n de sus relaciones comerciales en diversos sectores como la industria verde y la tecnolog\u00eda ambiental, por lo que las siguientes ediciones de Ecomondo M\u00e9xico ser\u00e1n parte fundamental para trasladar la experiencia europea en el sector de las tecnolog\u00edas verdes y el uso de residuos para que el pa\u00eds pueda insertarse en la seda de la circularidad, la sostenibilidad y los negocios verdes del presente y del futuro\u201d.<\/p>\n\n\n\n<p>Por otro lado, Stephen Miner, Presidente de RE+ events, se\u00f1al\u00f3 que \u201ca partir de la siguiente edici\u00f3n, Solar Power M\u00e9xico + Storage llevar\u00e1 el nombre de Solar + Storage M\u00e9xico debido a que el evento busca evolucionar a la par del desarrollo energ\u00e9tico renovable mundial, con lo que buscaremos que el mercado mexicano pueda adaptarse a las tendencias emergentes de esta industria como lo es el almacenamiento de energ\u00eda, las micro-rredes, el hidr\u00f3geno verde, las celdas de combustible, los veh\u00edculos el\u00e9ctricos y otras tecnolog\u00edas\u201d.<\/p>\n\n\n\n<p>Asimismo, Giovani Atena, Director de la oficina para M\u00e9xico, Rep\u00fablica Dominicana, Nicaragua, Guatemala, Salvador and Costa Rica, de la Agencia Italiana para el Comercio Exterior, enfatiz\u00f3&nbsp; que \u201cfue un verdadero gusto ver a mucha gente despu\u00e9s de una pandemia que visit\u00f3 Ecomondo M\u00e9xico para conocer a las empresas italianas, que vinieron por primera vez al pa\u00eds, para exponer todas las soluciones relacionadas con el cuidado del medio ambiente, del agua, la energ\u00eda, del reciclaje y de todo aquello que nos ayudar\u00e1 a vivir en un mundo mejor\u201d.<\/p>\n\n\n\n<p><a>Las fechas y sede de la cuarta edici\u00f3n de Solar Power M\u00e9xico, feria l\u00edder para la industria fotovoltaica en M\u00e9xico y Am\u00e9rica Latina, y Ecomondo M\u00e9xico, l\u00edder de tecnolog\u00eda ambiental, ser\u00e1n dadas a conocer en las siguientes semanas.<\/a><\/p>\n","protected":false},"excerpt":{"rendered":"<p>Ciudad de M\u00e9xico, 25 de junio, 2022.- Ecomondo M\u00e9xico y Solar Power M\u00e9xico lograron los objetivos de impulsar los negocios verdes y la transici\u00f3n energ\u00e9tica renovable y fotovoltaica, que en conjunto ayudaron a generar 262 millones de pesos de negocios relacionados a la industria solar y 82 millones en negocios verdes en la regi\u00f3n de [&hellip;]<\/p>\n","protected":false},"author":18,"featured_media":0,"comment_status":"closed","ping_status":"closed","sticky":false,"template":"","format":"standard","meta":{"footnotes":""},"categories":[533],"tags":[],"class_list":["post-15461","post","type-post","status-publish","format-standard","hentry","category-energia"],"_links":{"self":[{"href":"https:\/\/arzatenoticias.com\/wp-json\/wp\/v2\/posts\/15461","targetHints":{"allow":["GET"]}}],"collection":[{"href":"https:\/\/arzatenoticias.com\/wp-json\/wp\/v2\/posts"}],"about":[{"href":"https:\/\/arzatenoticias.com\/wp-json\/wp\/v2\/types\/post"}],"author":[{"embeddable":true,"href":"https:\/\/arzatenoticias.com\/wp-json\/wp\/v2\/users\/18"}],"replies":[{"embeddable":true,"href":"https:\/\/arzatenoticias.com\/wp-json\/wp\/v2\/comments?post=15461"}],"version-history":[{"count":1,"href":"https:\/\/arzatenoticias.com\/wp-json\/wp\/v2\/posts\/15461\/revisions"}],"predecessor-version":[{"id":15463,"href":"https:\/\/arzatenoticias.com\/wp-json\/wp\/v2\/posts\/15461\/revisions\/15463"}],"wp:attachment":[{"href":"https:\/\/arzatenoticias.com\/wp-json\/wp\/v2\/media?parent=15461"}],"wp:term":[{"taxonomy":"category","embeddable":true,"href":"https:\/\/arzatenoticias.com\/wp-json\/wp\/v2\/categories?post=15461"},{"taxonomy":"post_tag","embeddable":true,"href":"https:\/\/arzatenoticias.com\/wp-json\/wp\/v2\/tags?post=15461"}],"curies":[{"name":"wp","href":"https:\/\/api.w.org\/{rel}","templated":true}]}}