{"id":15458,"date":"2022-07-25T14:14:03","date_gmt":"2022-07-25T19:14:03","guid":{"rendered":"https:\/\/arzatenoticias.com\/?p=15458"},"modified":"2022-07-25T14:14:04","modified_gmt":"2022-07-25T19:14:04","slug":"reporta-sector-primario-del-pais-balanza-comercial-superavitaria","status":"publish","type":"post","link":"https:\/\/arzatenoticias.com\/2022\/07\/25\/reporta-sector-primario-del-pais-balanza-comercial-superavitaria\/","title":{"rendered":"Reporta sector primario del pa\u00eds balanza comercial superavitaria"},"content":{"rendered":"\n<p><br>Ciudad de M\u00e9xico, 25 de julio, 2022.- Durante los primeros cinco meses del a\u00f1o, la balanza comercial agroalimentaria del pa\u00eds registr\u00f3 un super\u00e1vit de cuatro mil 644 millones de d\u00f3lares, lo que signific\u00f3 un aumento de 7.06% anual respecto a los cuatro mil 338 millones de d\u00f3lares del mismo periodo de 2021, inform\u00f3 la Secretar\u00eda de Agricultura y Desarrollo Rural (Sader).<\/p>\n\n\n\n<p>Resalt\u00f3 que en dicho lapso, las exportaciones agroalimentarias (agropecuarias y agroindustriales) rompieron r\u00e9cord, con un alza anual de 15.52%, al sumar 21 mil 744 millones de d\u00f3lares -el mayor monto desde 1993- y mantienen adem\u00e1s la tendencia alcista observada desde 2009, de acuerdo con cifras del Servicio de Informaci\u00f3n Agroalimentaria y Pesquera (SIAP).<\/p>\n\n\n\n<p>En tanto, las importaciones agropecuarias y agroindustriales del pa\u00eds totalizaron 17 mil 100 millones de d\u00f3lares en los primeros cinco meses del a\u00f1o, destac\u00f3 la dependencia federal.<\/p>\n\n\n\n<p>De esta forma, dijo, el comercio agroalimentario de M\u00e9xico con el mundo sum\u00f3 38 mil 844 millones de d\u00f3lares en el periodo enero-mayo, donde el 56% correspondi\u00f3 a las ventas del pa\u00eds a sus socios comerciales.<\/p>\n\n\n\n<p>Agricultura indic\u00f3 que, con base en cifras del Banco de M\u00e9xico (Banxico), la balanza agropecuaria y pesquera present\u00f3 un saldo positivo de mil 526 millones de d\u00f3lares, con exportaciones por nueve mil 968 millones de d\u00f3lares y compras al exterior por ocho mil 442 millones de d\u00f3lares.<\/p>\n\n\n\n<p>Mientras que la balanza agroindustrial tuvo un super\u00e1vit comercial de tres mil 118 millones de d\u00f3lares, al registrar ventas por 11 mil 776 millones de d\u00f3lares e importaciones por ocho mil 658 millones de d\u00f3lares.<\/p>\n\n\n\n<p>La dependencia detall\u00f3 que las bebidas, frutas y hortalizas fueron los principales grupos de exportaci\u00f3n, al concentrar el 61% del total vendido al exterior en los primeros cinco meses del a\u00f1o, con el 21%, 20% y 20% de participaci\u00f3n, respectivamente.<\/p>\n\n\n\n<p>En particular, aumentaron 126.24% las ventas al exterior de trigo y morcajo, seguidas de las de carne de bovino congelada, con 71.12%; caf\u00e9 sin tostar sin descafeinar, 67.91%; tequila y mezcal, 50.26%; preparaciones de caf\u00e9, t\u00e9 o yerba mate, 49.32%; az\u00facar, 43.86%, y c\u00edtricos frescos o secos, con 44.22%.<\/p>\n\n\n\n<p>Los productos agroalimentarios mexicanos con el mayor valor de exportaci\u00f3n en el lapso de referencia fueron: cerveza, con dos mil 355 millones de d\u00f3lares; tequila y mezcal, mil 722 millones de d\u00f3lares; aguacate, mil 562 millones de d\u00f3lares; tomate fresco o refrigerado, mil 123 millones de d\u00f3lares y fresa y frambuesas frescas, tambi\u00e9n con mil 123 millones de d\u00f3lares.<\/p>\n\n\n\n<p>En tanto, 57% de las importaciones nacionales se concentr\u00f3 en cuatro grupos: cereales con 22%; semillas y frutos oleaginosos, 15%; c\u00e1rnicos, 13%, y l\u00e1cteos, huevos y miel, con 7.0%, indic\u00f3.<\/p>\n\n\n\n<p><strong>Crece el IGAE de las actividades primarias<\/strong><\/p>\n\n\n\n<p>Sader resalt\u00f3 que, en mayo pasado, el Indicador Global de la Actividad Econ\u00f3mica (IGAE) de las actividades primarias aument\u00f3 2.2% respecto al mes previo, mientras que el de las actividades secundarias creci\u00f3 0.1% y el de las terciarias disminuy\u00f3 0.3%.<\/p>\n\n\n\n<p>En su comparaci\u00f3n anual, el IGAE de las actividades primarias creci\u00f3 3.0%, el de las secundarias aument\u00f3 3.1% y el de las terciarias observ\u00f3 un alza de 0.3%, de acuerdo con datos del Instituto Nacional de Estad\u00edstica y Geograf\u00eda (INEGI).<\/p>\n","protected":false},"excerpt":{"rendered":"<p>Ciudad de M\u00e9xico, 25 de julio, 2022.- Durante los primeros cinco meses del a\u00f1o, la balanza comercial agroalimentaria del pa\u00eds registr\u00f3 un super\u00e1vit de cuatro mil 644 millones de d\u00f3lares, lo que signific\u00f3 un aumento de 7.06% anual respecto a los cuatro mil 338 millones de d\u00f3lares del mismo periodo de 2021, inform\u00f3 la Secretar\u00eda [&hellip;]<\/p>\n","protected":false},"author":2,"featured_media":0,"comment_status":"closed","ping_status":"closed","sticky":false,"template":"","format":"standard","meta":{"footnotes":""},"categories":[174],"tags":[],"class_list":["post-15458","post","type-post","status-publish","format-standard","hentry","category-negocios"],"_links":{"self":[{"href":"https:\/\/arzatenoticias.com\/wp-json\/wp\/v2\/posts\/15458","targetHints":{"allow":["GET"]}}],"collection":[{"href":"https:\/\/arzatenoticias.com\/wp-json\/wp\/v2\/posts"}],"about":[{"href":"https:\/\/arzatenoticias.com\/wp-json\/wp\/v2\/types\/post"}],"author":[{"embeddable":true,"href":"https:\/\/arzatenoticias.com\/wp-json\/wp\/v2\/users\/2"}],"replies":[{"embeddable":true,"href":"https:\/\/arzatenoticias.com\/wp-json\/wp\/v2\/comments?post=15458"}],"version-history":[{"count":1,"href":"https:\/\/arzatenoticias.com\/wp-json\/wp\/v2\/posts\/15458\/revisions"}],"predecessor-version":[{"id":15460,"href":"https:\/\/arzatenoticias.com\/wp-json\/wp\/v2\/posts\/15458\/revisions\/15460"}],"wp:attachment":[{"href":"https:\/\/arzatenoticias.com\/wp-json\/wp\/v2\/media?parent=15458"}],"wp:term":[{"taxonomy":"category","embeddable":true,"href":"https:\/\/arzatenoticias.com\/wp-json\/wp\/v2\/categories?post=15458"},{"taxonomy":"post_tag","embeddable":true,"href":"https:\/\/arzatenoticias.com\/wp-json\/wp\/v2\/tags?post=15458"}],"curies":[{"name":"wp","href":"https:\/\/api.w.org\/{rel}","templated":true}]}}