{"id":15340,"date":"2022-07-20T13:31:07","date_gmt":"2022-07-20T18:31:07","guid":{"rendered":"https:\/\/arzatenoticias.com\/?p=15340"},"modified":"2022-07-20T13:31:08","modified_gmt":"2022-07-20T18:31:08","slug":"pide-coparmex-ley-de-establecimientos-mercantiles-realista","status":"publish","type":"post","link":"https:\/\/arzatenoticias.com\/2022\/07\/20\/pide-coparmex-ley-de-establecimientos-mercantiles-realista\/","title":{"rendered":"Pide COPARMEX ley de establecimientos mercantiles realista"},"content":{"rendered":"\n<p>Ciudad de M\u00e9xico, 20 de julio, 2022.- Desde COPARMEX CDMX \u201cesperamos que cualquier nueva iniciativa de ley en torno a los establecimientos mercantiles, sea una propuesta realista, que promueva e incentive a las empresas y empleos formales y, por tanto, sea un factor de verdadera competitividad, desarrollo econ\u00f3mico y b\u00fasqueda de plena prosperidad para todas y todos los capitalinos\u201d, coment\u00f3 Armando Z\u00fa\u00f1iga Salinas, presidente de este organismo,<\/p>\n\n\n\n<p>Al participar en el \u201cForo de An\u00e1lisis e impacto de una Nueva Ley de Establecimientos Mercantiles para la CDMX\u201d, en el Congreso de la Ciudad de M\u00e9xico, dijo que en medio de la crisis econ\u00f3mica y de p\u00e9rdida de empleos que ha arrojado como saldo la pandemia por COVID-19, buscar la permanencia y el crecimiento de los establecimientos mercantiles resulta vital para el fortalecimiento de la competitividad de la CDMX.<\/p>\n\n\n\n<p>El presidente del Centro Empresarial, recalc\u00f3 que para los emprendedores y peque\u00f1os empresarios, quienes representan 99.8% de las unidades de negocio en el pa\u00eds, en este momento \u201cbajar la cortina no es opci\u00f3n\u201d.<\/p>\n\n\n\n<p>Z\u00fa\u00f1iga Salinas hizo votos porque \u201clos resultados nos lleven a obtener un marco jur\u00eddico innovador y de un cambio de paradigmas que pueda ayudar y, en el mejor de los casos, adelantarse a posibles escenarios adversos\u201d que afecten el desarrollo de las actividades econ\u00f3micas tan significativas y necesarias en la vida de los habitantes de esta gran ciudad.<\/p>\n\n\n\n<p>Leovigildo Ch\u00e1vez L\u00f3pez, vicepresidente de Enlace Legislativo de la COPARMEX CDMX expres\u00f3 que los micro, peque\u00f1os y medianos empresarios \u201crepresentamos el 54% del PIB de este pa\u00eds, 7 de cada 10 empleos y 9 de cada 10 empresas. Somos la columna vertebral de la econom\u00eda de nuestra ciudad y nuestro pa\u00eds\u201d y que el cierre de m\u00e1s de 2 mill\u00f3n 400 mil empresas, aunque se han recuperado 900 mil nuevas empresas, es dram\u00e1tico porque encarna un rezago de 600 mil y lo que representa en empleos es tr\u00e1gico.<\/p>\n\n\n\n<p>Agreg\u00f3 que las leyes deben ser transitables y facilitadoras porque muchas empresas que no pudieron sobrevivir, pasaron a la informalidad. \u201cNo lo aplaudimos, pero si entendemos que cuando una nueva empresa tiene que cumplir requisitos inalcanzables, se tiene que pasar a la informalidad\u201d.<\/p>\n\n\n\n<p>Al respecto, el diputado Ra\u00fal Torres, vicepresidente de la Comisi\u00f3n de Desarrollo Econ\u00f3mico, expres\u00f3: \u201cNecesitamos que ustedes nos digan qu\u00e9 necesitan; no podemos seguir haciendo leyes desde el poder legislativo que no se entiendan ni se traduzcan en generar empleos, en generar dinero. Seguiremos buscando que las propuestas desde el congreso no sean punitivas, o vengan a castigar, sino generar que sea el propio mercado el que nos de las reglas\u201d.<\/p>\n\n\n\n<p>Agreg\u00f3 que \u201cno podemos permitir que se pongan tantos candados en la Ley de Establecimientos Mercantiles que generen m\u00e1s corrupci\u00f3n, porque eso va en detrimento de la permanencia de los negocios, del empleo formal, de las empresas y negocios, de los empleados y del propio consumidor.<\/p>\n\n\n\n<p>Pr\u00e1cticamente todos los participantes en el foro coincidieron en la necesidad de adecuar la Ley de Establecimientos Mercantiles, luego de que la \u00faltima gran reforma fue el 20 de enero de 2011, como la presidenta de la Comisi\u00f3n de Turismo del Congreso local, diputada Ana Patricia B\u00e1ez Guerrero, expres\u00f3 que la CDMX como varios estados han tenido que tomar decisiones para cuidar la salud de los ciudadanos; algunos han logrado cuidar la salud, pero no la econom\u00eda de los negocios y otros todo lo contrario.<\/p>\n","protected":false},"excerpt":{"rendered":"<p>Ciudad de M\u00e9xico, 20 de julio, 2022.- Desde COPARMEX CDMX \u201cesperamos que cualquier nueva iniciativa de ley en torno a los establecimientos mercantiles, sea una propuesta realista, que promueva e incentive a las empresas y empleos formales y, por tanto, sea un factor de verdadera competitividad, desarrollo econ\u00f3mico y b\u00fasqueda de plena prosperidad para todas [&hellip;]<\/p>\n","protected":false},"author":2,"featured_media":0,"comment_status":"closed","ping_status":"closed","sticky":false,"template":"","format":"standard","meta":{"footnotes":""},"categories":[174],"tags":[],"class_list":["post-15340","post","type-post","status-publish","format-standard","hentry","category-negocios"],"_links":{"self":[{"href":"https:\/\/arzatenoticias.com\/wp-json\/wp\/v2\/posts\/15340","targetHints":{"allow":["GET"]}}],"collection":[{"href":"https:\/\/arzatenoticias.com\/wp-json\/wp\/v2\/posts"}],"about":[{"href":"https:\/\/arzatenoticias.com\/wp-json\/wp\/v2\/types\/post"}],"author":[{"embeddable":true,"href":"https:\/\/arzatenoticias.com\/wp-json\/wp\/v2\/users\/2"}],"replies":[{"embeddable":true,"href":"https:\/\/arzatenoticias.com\/wp-json\/wp\/v2\/comments?post=15340"}],"version-history":[{"count":1,"href":"https:\/\/arzatenoticias.com\/wp-json\/wp\/v2\/posts\/15340\/revisions"}],"predecessor-version":[{"id":15342,"href":"https:\/\/arzatenoticias.com\/wp-json\/wp\/v2\/posts\/15340\/revisions\/15342"}],"wp:attachment":[{"href":"https:\/\/arzatenoticias.com\/wp-json\/wp\/v2\/media?parent=15340"}],"wp:term":[{"taxonomy":"category","embeddable":true,"href":"https:\/\/arzatenoticias.com\/wp-json\/wp\/v2\/categories?post=15340"},{"taxonomy":"post_tag","embeddable":true,"href":"https:\/\/arzatenoticias.com\/wp-json\/wp\/v2\/tags?post=15340"}],"curies":[{"name":"wp","href":"https:\/\/api.w.org\/{rel}","templated":true}]}}