{"id":15306,"date":"2022-07-19T15:08:11","date_gmt":"2022-07-19T20:08:11","guid":{"rendered":"https:\/\/arzatenoticias.com\/?p=15306"},"modified":"2022-07-19T15:08:12","modified_gmt":"2022-07-19T20:08:12","slug":"brinda-grupo-mexico-servicios-de-salud-a-la-poblacion-de-esqueda-sonora","status":"publish","type":"post","link":"https:\/\/arzatenoticias.com\/2022\/07\/19\/brinda-grupo-mexico-servicios-de-salud-a-la-poblacion-de-esqueda-sonora\/","title":{"rendered":"Brinda Grupo M\u00e9xico servicios de salud a la poblaci\u00f3n de Esqueda, Sonora"},"content":{"rendered":"\n<p>Esqueda, Sonora, 19 de julio, 2022.- Grupo M\u00e9xico, en coordinaci\u00f3n con su \u00e1rea de Desarrollo Comunitario, el Ayuntamiento de Fronteras, el Instituto Mexicano del Seguro Social y la Cruz Roja Mexicana, llevaron a cabo la primera jornada de salud p\u00fablica, donde se brindaron servicios gratuitos de salud para la comunidad de Esqueda, Sonora.<\/p>\n\n\n\n<p>Tambi\u00e9n se realizaron sesiones informativas de cuidado y prevenci\u00f3n de enfermedades y la exposici\u00f3n de distintas t\u00e9cnicas de primeros auxilios.<\/p>\n\n\n\n<p>Durante la jornada se realizaron pl\u00e1ticas informativas sobre prevenci\u00f3n de diabetes e hipertensi\u00f3n y c\u00f3mo identificar un paro cardiorrespiratorio junto con t\u00e9cnicas de primeros auxilios.<\/p>\n\n\n\n<p>Adem\u00e1s, se explic\u00f3 la t\u00e9cnica correcta de la autoexploraci\u00f3n mamaria y se aplic\u00f3 la vacuna contra COVID-19 a ni\u00f1os entre 12 y 17 a\u00f1os. As\u00ed bien, se cont\u00f3 con un espacio para la activaci\u00f3n f\u00edsica del personal de Casa Grande Esqueda.<\/p>\n","protected":false},"excerpt":{"rendered":"<p>Esqueda, Sonora, 19 de julio, 2022.- Grupo M\u00e9xico, en coordinaci\u00f3n con su \u00e1rea de Desarrollo Comunitario, el Ayuntamiento de Fronteras, el Instituto Mexicano del Seguro Social y la Cruz Roja Mexicana, llevaron a cabo la primera jornada de salud p\u00fablica, donde se brindaron servicios gratuitos de salud para la comunidad de Esqueda, Sonora. Tambi\u00e9n se [&hellip;]<\/p>\n","protected":false},"author":2,"featured_media":0,"comment_status":"closed","ping_status":"closed","sticky":false,"template":"","format":"standard","meta":{"footnotes":""},"categories":[532],"tags":[],"class_list":["post-15306","post","type-post","status-publish","format-standard","hentry","category-mineria"],"_links":{"self":[{"href":"https:\/\/arzatenoticias.com\/wp-json\/wp\/v2\/posts\/15306","targetHints":{"allow":["GET"]}}],"collection":[{"href":"https:\/\/arzatenoticias.com\/wp-json\/wp\/v2\/posts"}],"about":[{"href":"https:\/\/arzatenoticias.com\/wp-json\/wp\/v2\/types\/post"}],"author":[{"embeddable":true,"href":"https:\/\/arzatenoticias.com\/wp-json\/wp\/v2\/users\/2"}],"replies":[{"embeddable":true,"href":"https:\/\/arzatenoticias.com\/wp-json\/wp\/v2\/comments?post=15306"}],"version-history":[{"count":1,"href":"https:\/\/arzatenoticias.com\/wp-json\/wp\/v2\/posts\/15306\/revisions"}],"predecessor-version":[{"id":15308,"href":"https:\/\/arzatenoticias.com\/wp-json\/wp\/v2\/posts\/15306\/revisions\/15308"}],"wp:attachment":[{"href":"https:\/\/arzatenoticias.com\/wp-json\/wp\/v2\/media?parent=15306"}],"wp:term":[{"taxonomy":"category","embeddable":true,"href":"https:\/\/arzatenoticias.com\/wp-json\/wp\/v2\/categories?post=15306"},{"taxonomy":"post_tag","embeddable":true,"href":"https:\/\/arzatenoticias.com\/wp-json\/wp\/v2\/tags?post=15306"}],"curies":[{"name":"wp","href":"https:\/\/api.w.org\/{rel}","templated":true}]}}