{"id":15240,"date":"2022-07-15T11:25:13","date_gmt":"2022-07-15T16:25:13","guid":{"rendered":"https:\/\/arzatenoticias.com\/?p=15240"},"modified":"2022-07-15T11:27:20","modified_gmt":"2022-07-15T16:27:20","slug":"impulsaran-gobierno-de-leon-y-empresas-transicion-energetica","status":"publish","type":"post","link":"https:\/\/arzatenoticias.com\/2022\/07\/15\/impulsaran-gobierno-de-leon-y-empresas-transicion-energetica\/","title":{"rendered":"Impulsar\u00e1n gobierno de Le\u00f3n y empresas, transici\u00f3n energ\u00e9tica"},"content":{"rendered":"\n<p><strong>Por: Juan Pablo Ibarra, enviado.<\/strong><\/p>\n\n\n\n<p>Le\u00f3n Guanajuato, 15 de junio, 2022- Concluyeron con \u00e9xito las ferias Ecomondo Mexico y Solar Power Mexico 2022, realizadas en Le\u00f3n Guanajuato, encaminadas en el desarrollo de energ\u00edas sustentables (solar y verde) para la transici\u00f3n energ\u00e9tica en M\u00e9xico.<\/p>\n\n\n\n<p>Las presencias de estas \u00a0ferias pretenden generar una alianza entre diversas empresas, gobierno y la sociedad para aprovechar el potencial que tiene M\u00e9xico en materia energ\u00e9tica sustentable. Durante la presentaci\u00f3n de las ferias diversos servidores p\u00fablicos y empresarios destacaron el compromiso para alcanzar esta transici\u00f3n.<\/p>\n\n\n\n<p>\u201cTenemos que acelerar la acci\u00f3n clim\u00e1tica, impulsar la transici\u00f3n energ\u00e9tica y aprovechar el gran potencial que tiene M\u00e9xico pues somos el quinto pa\u00eds con mayor irradiaci\u00f3n solar del planeta\u201d, afirm\u00f3 la secretaria de Medio Ambiente y Ordenamiento Territorial de Guanajuato, Mar\u00eda Isabel Ortiz Mantilla.<\/p>\n\n\n\n<p>Asimismo, destac\u00f3 que hab\u00eda que enfocarse en la econom\u00eda circular y la recuperaci\u00f3n verde para acelerar la acci\u00f3n clim\u00e1tica, \u201cNo tenemos tiempo. Hace 25 a\u00f1os lo ve\u00edamos lejano. Ahora el reto es el con la agenda 2030. Y, para su cumplimiento, es fundamental la preservaci\u00f3n y la restauraci\u00f3n de nuestros recursos naturales as\u00ed como el impulso a la transici\u00f3n energ\u00e9tica\u201d. Tambi\u00e9n resalt\u00f3 el compromiso de la administraci\u00f3n estatal con la sustentabilidad.<\/p>\n\n\n\n<p>Asimismo, Alejandra Guti\u00e9rrez, alcaldesa de Le\u00f3n, asegur\u00f3 que eventos internacionales como estos, adem\u00e1s de fortalecer como punto de negocios a la econom\u00eda local, tambi\u00e9n abonan a la sostenibilidad.<\/p>\n\n\n\n<p>\u201cEstamos buscando las mejores pr\u00e1cticas y buscando c\u00f3mo s\u00ed seguir avanzando econ\u00f3micamente con tecnolog\u00edas que realmente aporten a nuestra vida y nuestro planeta\u201d, afirm\u00f3.<\/p>\n\n\n\n<p>De igual forma, el director general de Hannover Fairs M\u00e9xico, Bernd Rohde, hizo un llamado a acelerar la transici\u00f3n energ\u00e9tica renovable en Norteam\u00e9rica.<\/p>\n\n\n\n<p>&nbsp;\u201cPara todos los involucrados en este proceso, las oportunidades son inmensas. Si sumamos las inversiones necesarias para transitar hacia un modelo energ\u00e9tico renovable, estamos hablando que para 2030 habr\u00e1 un mercado con un valor conjunto de siete billones de d\u00f3lares, con el potencial de generar 100 millones de nuevos empleos alrededor del mundo\u201d.<\/p>\n\n\n\n<p>Por su parte, Stephen Mainer, presidente de RE+ (empresa promotora de energ\u00eda renovable), advirti\u00f3 que los efectos del calentamiento global se encuentran en una fase cr\u00edtica por lo que es urgente la adopci\u00f3n de energ\u00edas renovables. \u201cHay que tomar medidas decisivas inmediatamente\u201d, indic\u00f3.<\/p>\n\n\n\n<p>Adem\u00e1s hizo un llamado para reducir las emisiones de carbono en todo el mundo y que para lograrlo se deben aplicar pol\u00edticas p\u00fablicas que funcionen, as\u00ed como realizar &nbsp;inversiones necesarias para ampliar el despliegue de las energ\u00edas renovables.<\/p>\n\n\n\n<p>Tambi\u00e9n recalc\u00f3 que estas energ\u00edas adem\u00e1s de combatir el cambio clim\u00e1tico, crear\u00e1n millones de puestos de trabajo, contribuir\u00e1n de forma tangible al crecimiento econ\u00f3mico de la regi\u00f3n norteamericana y reducir\u00e1n los precios de la energ\u00eda y los riesgos de los sistemas el\u00e9ctricos hacia el final de la d\u00e9cada. \u201cAm\u00e9rica del Norte tiene todos los ingredientes necesarios para liderar la transici\u00f3n mundial hacia las energ\u00edas renovables\u201d, se\u00f1al\u00f3.<\/p>\n\n\n\n<p>As\u00ed la implementaci\u00f3n de estas ferias en M\u00e9xico buscan contribuir con el desarrollo sustentable, cabe destacar que fue la primera edici\u00f3n de Ecomondo, y que Solar Power cumple su tercera exhibici\u00f3n.<\/p>\n","protected":false},"excerpt":{"rendered":"<p>Por: Juan Pablo Ibarra, enviado. Le\u00f3n Guanajuato, 15 de junio, 2022- Concluyeron con \u00e9xito las ferias Ecomondo Mexico y Solar Power Mexico 2022, realizadas en Le\u00f3n Guanajuato, encaminadas en el desarrollo de energ\u00edas sustentables (solar y verde) para la transici\u00f3n energ\u00e9tica en M\u00e9xico. Las presencias de estas \u00a0ferias pretenden generar una alianza entre diversas empresas, [&hellip;]<\/p>\n","protected":false},"author":18,"featured_media":0,"comment_status":"closed","ping_status":"closed","sticky":false,"template":"","format":"standard","meta":{"footnotes":""},"categories":[533],"tags":[],"class_list":["post-15240","post","type-post","status-publish","format-standard","hentry","category-energia"],"_links":{"self":[{"href":"https:\/\/arzatenoticias.com\/wp-json\/wp\/v2\/posts\/15240","targetHints":{"allow":["GET"]}}],"collection":[{"href":"https:\/\/arzatenoticias.com\/wp-json\/wp\/v2\/posts"}],"about":[{"href":"https:\/\/arzatenoticias.com\/wp-json\/wp\/v2\/types\/post"}],"author":[{"embeddable":true,"href":"https:\/\/arzatenoticias.com\/wp-json\/wp\/v2\/users\/18"}],"replies":[{"embeddable":true,"href":"https:\/\/arzatenoticias.com\/wp-json\/wp\/v2\/comments?post=15240"}],"version-history":[{"count":2,"href":"https:\/\/arzatenoticias.com\/wp-json\/wp\/v2\/posts\/15240\/revisions"}],"predecessor-version":[{"id":15244,"href":"https:\/\/arzatenoticias.com\/wp-json\/wp\/v2\/posts\/15240\/revisions\/15244"}],"wp:attachment":[{"href":"https:\/\/arzatenoticias.com\/wp-json\/wp\/v2\/media?parent=15240"}],"wp:term":[{"taxonomy":"category","embeddable":true,"href":"https:\/\/arzatenoticias.com\/wp-json\/wp\/v2\/categories?post=15240"},{"taxonomy":"post_tag","embeddable":true,"href":"https:\/\/arzatenoticias.com\/wp-json\/wp\/v2\/tags?post=15240"}],"curies":[{"name":"wp","href":"https:\/\/api.w.org\/{rel}","templated":true}]}}