{"id":14564,"date":"2022-06-16T13:37:19","date_gmt":"2022-06-16T18:37:19","guid":{"rendered":"https:\/\/arzatenoticias.com\/?p=14564"},"modified":"2022-06-17T02:02:27","modified_gmt":"2022-06-17T07:02:27","slug":"celebra-wim-primer-dia-internacional-de-la-mujer-en-mineria","status":"publish","type":"post","link":"https:\/\/arzatenoticias.com\/2022\/06\/16\/celebra-wim-primer-dia-internacional-de-la-mujer-en-mineria\/","title":{"rendered":"Celebra WIM Primer D\u00eda Internacional de la Mujer en Miner\u00eda"},"content":{"rendered":"\n<p>Ciudad de M\u00e9xico, 16 de junio, 2022.- El Primer <em>D\u00eda Internacional de la Mujer en la Miner\u00eda<\/em> fue celebrado por iniciativa de la asociaci\u00f3n International Women in Mining (WIM) con el webinar (\u201cWebinar: t\u00e9rmino h\u00edbrido de &#8216;web&#8217;, y &#8216;seminar&#8217; (= &#8216;seminario&#8217;)\u201d) \u201c<em>Somos Mujeres y Somos Mineras<\/em>\u201d organizado por el cap\u00edtulo de Guerrero de ese organismo, donde cuatro mujeres inmersas en el mundo de la industria minero-metal\u00fargica externaron sus experiencias.<\/p>\n\n\n\n<p>La presidenta de WIM Guerrero, Mirna Chavarr\u00eda y la gerente de Relaciones Comunitarias y Sustentabilidad de Minera Media Luna, de Torex Gold Resources, F\u00e1tima Castrej\u00f3n, participaron como moderadoras. Como invitadas estuvieron Neida Patricia Madrid, operadora de pala mec\u00e1nica y Yazm\u00edn Garc\u00eda, operadora de cami\u00f3n y auxiliar de torre de control.<\/p>\n\n\n\n<p>La l\u00edder de WIM Guerrero, Mirna Chavarr\u00eda, indic\u00f3 que la celebraci\u00f3n del Primer D\u00eda Internacional de la Mujer en la Miner\u00eda, es para reconocer la perseverancia, contribuciones, talento y el esp\u00edritu de las mujeres en el sector minero. \u201cEs tambi\u00e9n una jornada para traer a la luz los avances logrados y las oportunidades disponibles para que la industria contin\u00fae siendo sostenible, diversa e inclusiva\u201d, precis\u00f3.<\/p>\n\n\n\n<p>Hoy M\u00e9xico tiene 60 mil mujeres que colaboran en &nbsp;todas las \u00e1reas de la industria minera como F\u00e1tima Castrej\u00f3n, quien asegur\u00f3 que en todas las empresas de la rep\u00fablica hay ejemplos de mujeres con puestos de liderazgo en la industria y el porcentaje va en aumento.<\/p>\n\n\n\n<p>Neida mide 1.65 metros y conduce un cami\u00f3n de carga. Gan\u00f3 el reconocimiento a la primera mujer operadora de Yucle (cami\u00f3n utilizado para transportar tierra o rocas en minas a cielo abierto).<\/p>\n\n\n\n<p>En el evento virtual, Neida coment\u00f3 que la miner\u00eda es una fuente de empleo en su comunidad y en cuanto salieron las convocatorias para las mujeres, ella no lo dud\u00f3 y se inscribi\u00f3,&nbsp; nunca pens\u00f3 en limitaciones a pesar de los comentarios de los hombres y lleva ya 11 a\u00f1os como operadora, primero de Yucle y ahora de pala mec\u00e1nica.<\/p>\n\n\n\n<p>Mirna, por su parte, es proveedora en minas y menciona que la miner\u00eda es una de las industrias que m\u00e1s protege a sus trabajadores asegurando que<em> se puede tener una vida digna en un empleo digno dentro de la miner\u00eda.<\/em><\/p>\n\n\n\n<p>Al respecto coment\u00f3: \u201c<em>Celebramos el primer d\u00eda internacional de la mujer en la miner\u00eda, reconocemos la perseverancia, las contribuciones, el talento y el esp\u00edritu de las mujeres en el sector minero, tambi\u00e9n ser\u00e1 una jornada para traer a la luz los avances logrados y las oportunidades disponibles para que la industria contin\u00fae siendo sostenible, diversa e inclusiva, esperamos que los pr\u00f3ximos 15 de julios se note cada vez m\u00e1s la inclusi\u00f3n de las mujeres en todo el \u00e1mbito minero\u201d.<\/em><\/p>\n\n\n\n<p>Yazm\u00edn de Minera Media Luna en Guerrero relat\u00f3 que labora 20 d\u00edas al mes y 12 horas por d\u00eda, adem\u00e1s acaba de estrenarse como mam\u00e1 y asegur\u00f3 haber recibido el respaldo laboral necesario, de parte de su empresa, durante el embarazo as\u00ed como sus d\u00edas de incapacidad y de lactancia. A\u00fan desconoce c\u00f3mo compaginar\u00e1 el trabajo y los cuidados de su beb\u00e9, pero conf\u00eda que podr\u00e1 porque otras operadoras tambi\u00e9n son madres y lo logran. <\/p>\n\n\n\n<p>Ambas operadoras exhortaron a los presentes a no rendirse, a no dudar y a trabajar siempre con responsabilidad para cuidar su seguridad dentro de las minas.<\/p>\n","protected":false},"excerpt":{"rendered":"<p>Ciudad de M\u00e9xico, 16 de junio, 2022.- El Primer D\u00eda Internacional de la Mujer en la Miner\u00eda fue celebrado por iniciativa de la asociaci\u00f3n International Women in Mining (WIM) con el webinar (\u201cWebinar: t\u00e9rmino h\u00edbrido de &#8216;web&#8217;, y &#8216;seminar&#8217; (= &#8216;seminario&#8217;)\u201d) \u201cSomos Mujeres y Somos Mineras\u201d organizado por el cap\u00edtulo de Guerrero de ese organismo, [&hellip;]<\/p>\n","protected":false},"author":17,"featured_media":0,"comment_status":"open","ping_status":"closed","sticky":false,"template":"","format":"standard","meta":{"footnotes":""},"categories":[532],"tags":[60],"class_list":["post-14564","post","type-post","status-publish","format-standard","hentry","category-mineria","tag-featured"],"_links":{"self":[{"href":"https:\/\/arzatenoticias.com\/wp-json\/wp\/v2\/posts\/14564","targetHints":{"allow":["GET"]}}],"collection":[{"href":"https:\/\/arzatenoticias.com\/wp-json\/wp\/v2\/posts"}],"about":[{"href":"https:\/\/arzatenoticias.com\/wp-json\/wp\/v2\/types\/post"}],"author":[{"embeddable":true,"href":"https:\/\/arzatenoticias.com\/wp-json\/wp\/v2\/users\/17"}],"replies":[{"embeddable":true,"href":"https:\/\/arzatenoticias.com\/wp-json\/wp\/v2\/comments?post=14564"}],"version-history":[{"count":3,"href":"https:\/\/arzatenoticias.com\/wp-json\/wp\/v2\/posts\/14564\/revisions"}],"predecessor-version":[{"id":14568,"href":"https:\/\/arzatenoticias.com\/wp-json\/wp\/v2\/posts\/14564\/revisions\/14568"}],"wp:attachment":[{"href":"https:\/\/arzatenoticias.com\/wp-json\/wp\/v2\/media?parent=14564"}],"wp:term":[{"taxonomy":"category","embeddable":true,"href":"https:\/\/arzatenoticias.com\/wp-json\/wp\/v2\/categories?post=14564"},{"taxonomy":"post_tag","embeddable":true,"href":"https:\/\/arzatenoticias.com\/wp-json\/wp\/v2\/tags?post=14564"}],"curies":[{"name":"wp","href":"https:\/\/api.w.org\/{rel}","templated":true}]}}