{"id":14329,"date":"2022-06-01T09:15:52","date_gmt":"2022-06-01T14:15:52","guid":{"rendered":"https:\/\/arzatenoticias.com\/?p=14329"},"modified":"2022-06-01T09:15:53","modified_gmt":"2022-06-01T14:15:53","slug":"checo-y-papa-dos-caras","status":"publish","type":"post","link":"https:\/\/arzatenoticias.com\/2022\/06\/01\/checo-y-papa-dos-caras\/","title":{"rendered":"Checo y pap\u00e1, dos caras"},"content":{"rendered":"\n<p><strong>*El padre con el presidente&nbsp;<\/strong><\/p>\n\n\n\n<p><strong>*El laureado con Calder\u00f3n&nbsp;&nbsp;<\/strong><\/p>\n\n\n\n<p>El piloto mexicano de la escuder\u00eda Red bull Racing Checo P\u00e9rez, festej\u00f3 en alberca con Felipe Calder\u00f3n su victoria en el Gran Premio de M\u00f3naco de la F\u00f3rmula 1. El suceso ha servido para que los seguidores del presidente critiquen a ex mandatario y burlas por parte de los adversarios contra del de Palacio.&nbsp;<\/p>\n\n\n\n<p>Es caso que no deber\u00eda de sorprendernos, desde el 2018, el presidente puso en marcha la polarizaci\u00f3n social en el pa\u00eds que mantiene hasta estos d\u00edas como parte de su actividad, que no gubernamental, sino para desviar la atenci\u00f3n de m\u00faltiples fallas en la administraci\u00f3n.\u00a0<\/p>\n\n\n\n<p>Antonio P\u00e9rez Garibay s\u00f3lo conocido por ser el padre del corredor de F\u00f3rmula 1<strong>,\u00a0<\/strong>\u00a0es diputado por Morena. El pasado 30 de abril\u00a0asegur\u00f3 ser un \u201csoldado de AMLO\u201d, y se auto destap\u00f3 como pr\u00f3ximo presidente del pa\u00eds. Un empresario advenedizo en la pol\u00edtica con af\u00e1n publicitario y ayuno en legislaci\u00f3n.\u00a0<\/p>\n\n\n\n<p>Aunque el hijo se inclina por Felipe Calder\u00f3n, el ex presidente m\u00e1s odiado por AMLO, no tuvo empacho en compartir la alberca con el panista para celebrar el resonante premio con repercusi\u00f3n internacional. Le dio reflectores el albiazul.&nbsp;&nbsp;<\/p>\n\n\n\n<p>En entrevista con Carlos Loret de Mola, el padre de Checo coment\u00f3 que el festejo no tendr\u00e1 ninguna consecuencia en su carrera pol\u00edtica porque el presidente L\u00f3pez Obrador est\u00e1 al tanto de la amistad que mantiene con los ex mandatarios de M\u00e9xico.&nbsp;<\/p>\n\n\n\n<p>&#8220;\u00c9l mismo me dijo:&nbsp;<em>To\u00f1o, tu no sudes gripas ajenas, t\u00fa est\u00e1s aqu\u00ed por qui\u00e9n eres<\/em>&#8220;, seg\u00fan declar\u00f3 el diputado, y agreg\u00f3: &#8220;Entonces tengo la bendici\u00f3n papal del presidente de ser amigo de todos los ex presidentes&#8221;.&nbsp;<\/p>\n\n\n\n<p>Mucha debe ser la amistad, si es verdad su dicho, pues AMLO exige obediencia ciega a quienes est\u00e1n con \u00e9l y se duda que haya tama\u00f1a deferencia entre los Checo y los dem\u00e1s. Ante el respetable, padre e hijo tienen doble juego, el padre, amlista y el v\u00e1stago calderonista. Una actitud poco aceptada en los que observamos.&nbsp;<\/p>\n\n\n\n<p>AMLO, quiso disfrazar su felicitaci\u00f3n a Checo, aunque personalmente ni siquiera lo invit\u00f3 como generalmente ocurre para la foto, se limit\u00f3 a&nbsp;\u201cFelicitarlo por<strong>&nbsp;<\/strong>el&nbsp;Premio de M\u00f3naco, al&nbsp;mismo tiempo al&nbsp;Atlas&nbsp;por su triunfo futbol\u00edstico. As\u00ed, como para no dejar.&nbsp;&nbsp;<\/p>\n\n\n\n<p>El ex presidente panista, muy marrullero y audaz, public\u00f3 en su tuit acompa\u00f1ado de&nbsp;una fotograf\u00eda junto al ganador del Gran Premio y reconoci\u00f3 su victoria, \u201cha hecho historia en condiciones adversas, gan\u00f3 en M\u00f3naco GP. Un orgullo para M\u00e9xico. Felicidades!!!\u201d.&nbsp;&nbsp;<\/p>\n\n\n\n<p>El hecho&nbsp;se hizo viral y Felipe se&nbsp;solaz\u00f3 por el espacio conseguido en los medios, como todo pol\u00edtico que ama la publicidad y \u00e9l no es la excepci\u00f3n.&nbsp;<\/p>\n\n\n\n<p>\u00bfLos Checo, continuar\u00e1n su doble cara pol\u00edtica, uno de un lado y el otro contrario? Bueno, don Andr\u00e9s, siempre ha dicho \u201cNo somos Iguales\u201d. Le falta decir: \u201cBueno, no todos\u2026\u201d&nbsp;<\/p>\n\n\n\n<p><a rel=\"noreferrer noopener\" href=\"mailto:rrrart2000@hotamil.com\" target=\"_blank\">rrrart2000@hotamil.com<\/a>\u00a0y <em>Facebook<\/em>\u00a0\u00a0<\/p>\n","protected":false},"excerpt":{"rendered":"<p>*El padre con el presidente&nbsp; *El laureado con Calder\u00f3n&nbsp;&nbsp; El piloto mexicano de la escuder\u00eda Red bull Racing Checo P\u00e9rez, festej\u00f3 en alberca con Felipe Calder\u00f3n su victoria en el Gran Premio de M\u00f3naco de la F\u00f3rmula 1. El suceso ha servido para que los seguidores del presidente critiquen a ex mandatario y burlas por [&hellip;]<\/p>\n","protected":false},"author":13,"featured_media":0,"comment_status":"open","ping_status":"closed","sticky":false,"template":"","format":"standard","meta":{"footnotes":""},"categories":[180],"tags":[],"class_list":["post-14329","post","type-post","status-publish","format-standard","hentry","category-opinion"],"_links":{"self":[{"href":"https:\/\/arzatenoticias.com\/wp-json\/wp\/v2\/posts\/14329","targetHints":{"allow":["GET"]}}],"collection":[{"href":"https:\/\/arzatenoticias.com\/wp-json\/wp\/v2\/posts"}],"about":[{"href":"https:\/\/arzatenoticias.com\/wp-json\/wp\/v2\/types\/post"}],"author":[{"embeddable":true,"href":"https:\/\/arzatenoticias.com\/wp-json\/wp\/v2\/users\/13"}],"replies":[{"embeddable":true,"href":"https:\/\/arzatenoticias.com\/wp-json\/wp\/v2\/comments?post=14329"}],"version-history":[{"count":1,"href":"https:\/\/arzatenoticias.com\/wp-json\/wp\/v2\/posts\/14329\/revisions"}],"predecessor-version":[{"id":14331,"href":"https:\/\/arzatenoticias.com\/wp-json\/wp\/v2\/posts\/14329\/revisions\/14331"}],"wp:attachment":[{"href":"https:\/\/arzatenoticias.com\/wp-json\/wp\/v2\/media?parent=14329"}],"wp:term":[{"taxonomy":"category","embeddable":true,"href":"https:\/\/arzatenoticias.com\/wp-json\/wp\/v2\/categories?post=14329"},{"taxonomy":"post_tag","embeddable":true,"href":"https:\/\/arzatenoticias.com\/wp-json\/wp\/v2\/tags?post=14329"}],"curies":[{"name":"wp","href":"https:\/\/api.w.org\/{rel}","templated":true}]}}