{"id":13961,"date":"2022-05-13T17:25:53","date_gmt":"2022-05-13T22:25:53","guid":{"rendered":"https:\/\/arzatenoticias.com\/?p=13961"},"modified":"2022-05-13T17:25:54","modified_gmt":"2022-05-13T22:25:54","slug":"mineria-ocupa-menos-territorio-y-agua-que-el-resto-de-las-actividades-economicas","status":"publish","type":"post","link":"https:\/\/arzatenoticias.com\/2022\/05\/13\/mineria-ocupa-menos-territorio-y-agua-que-el-resto-de-las-actividades-economicas\/","title":{"rendered":"Miner\u00eda ocupa menos territorio y agua que el resto de las actividades econ\u00f3micas"},"content":{"rendered":"\n<p>Hermosillo, Sonora, 13 de mayo, 2022. \u00a0En Sonora, el estado minero m\u00e1s importante de M\u00e9xico, la miner\u00eda s\u00f3lo ocupa el 0.12% del territorio estatal, mientras que el 83% es destinado a la ganader\u00eda, el 11.7% a la agricultura, 4.14% industria y el 0.21% acuicultura, inform\u00f3 Leonardo Taylor Padilla, Director General de Miner\u00eda del estado de Sonora.<\/p>\n\n\n\n<p>En el panel Medio Ambiente y la Miner\u00eda moderado por Luis Felipe Medina Aguirre, vicepresidente de Agnico Eagle M\u00e9xico, en el Primer Seminario \u201cFuturo de la Inversi\u00f3n en la Miner\u00eda Mexicana\u201d que concluy\u00f3 este d\u00eda, el funcionario aclar\u00f3 que en Sonora hay 4,449 concesiones mineras vigentes que representanel 30% del territorio del estado, pero s\u00f3lo est\u00e1n en desarrollo proyectos que ocupan 0.12% del suelo sonorense.<\/p>\n\n\n\n<p>Dijo que, contrario a la narrativa que afecta a la miner\u00eda, en Sonora la industria minera s\u00f3lo ocupa el 2.1% del agua que se consume en el estado, en tanto la agricultura utiliza el 38%,&nbsp; 22% se destina al abastecimiento p\u00fablico para uso humano;&nbsp; ganader\u00eda usa el 28% y la industria 9.9%.<\/p>\n\n\n\n<p>Explic\u00f3 que a nivel nacional el consumo de agua en la miner\u00eda es de 0.9% y en Sonora de 2.1% y se debe, dijo, a que en Sonora operan tres de las empresas m\u00e1s grandes no s\u00f3lo de M\u00e9xico sino del mundo.<\/p>\n\n\n\n<p>Por otra parte, el Director General de Desarrollo Minero de la Secretar\u00eda de Econom\u00eda del gobierno federal, Rafael Jabalera Batista inform\u00f3 que esa dependencia ser\u00e1 la responsable directa de realizar las consultas en comunidades ind\u00edgenas para determinar si es factible o no la instalaci\u00f3n de una unidad minera. Al participar en el panel \u201cLa consulta ind\u00edgena\u201d coordinada por Karina Rodr\u00edguez Matus, socia de Rodr\u00edguez<\/p>\n","protected":false},"excerpt":{"rendered":"<p>Hermosillo, Sonora, 13 de mayo, 2022. \u00a0En Sonora, el estado minero m\u00e1s importante de M\u00e9xico, la miner\u00eda s\u00f3lo ocupa el 0.12% del territorio estatal, mientras que el 83% es destinado a la ganader\u00eda, el 11.7% a la agricultura, 4.14% industria y el 0.21% acuicultura, inform\u00f3 Leonardo Taylor Padilla, Director General de Miner\u00eda del estado de [&hellip;]<\/p>\n","protected":false},"author":2,"featured_media":0,"comment_status":"open","ping_status":"closed","sticky":false,"template":"","format":"standard","meta":{"footnotes":""},"categories":[174],"tags":[60],"class_list":["post-13961","post","type-post","status-publish","format-standard","hentry","category-negocios","tag-featured"],"_links":{"self":[{"href":"https:\/\/arzatenoticias.com\/wp-json\/wp\/v2\/posts\/13961","targetHints":{"allow":["GET"]}}],"collection":[{"href":"https:\/\/arzatenoticias.com\/wp-json\/wp\/v2\/posts"}],"about":[{"href":"https:\/\/arzatenoticias.com\/wp-json\/wp\/v2\/types\/post"}],"author":[{"embeddable":true,"href":"https:\/\/arzatenoticias.com\/wp-json\/wp\/v2\/users\/2"}],"replies":[{"embeddable":true,"href":"https:\/\/arzatenoticias.com\/wp-json\/wp\/v2\/comments?post=13961"}],"version-history":[{"count":1,"href":"https:\/\/arzatenoticias.com\/wp-json\/wp\/v2\/posts\/13961\/revisions"}],"predecessor-version":[{"id":13963,"href":"https:\/\/arzatenoticias.com\/wp-json\/wp\/v2\/posts\/13961\/revisions\/13963"}],"wp:attachment":[{"href":"https:\/\/arzatenoticias.com\/wp-json\/wp\/v2\/media?parent=13961"}],"wp:term":[{"taxonomy":"category","embeddable":true,"href":"https:\/\/arzatenoticias.com\/wp-json\/wp\/v2\/categories?post=13961"},{"taxonomy":"post_tag","embeddable":true,"href":"https:\/\/arzatenoticias.com\/wp-json\/wp\/v2\/tags?post=13961"}],"curies":[{"name":"wp","href":"https:\/\/api.w.org\/{rel}","templated":true}]}}