{"id":10400,"date":"2021-10-19T06:57:35","date_gmt":"2021-10-19T11:57:35","guid":{"rendered":"https:\/\/arzatenoticias.com\/?p=10400"},"modified":"2021-10-19T06:58:20","modified_gmt":"2021-10-19T11:58:20","slug":"inician-trabajos-de-la-xxxiv-convencion-internacional-de-mineria","status":"publish","type":"post","link":"https:\/\/arzatenoticias.com\/2021\/10\/19\/inician-trabajos-de-la-xxxiv-convencion-internacional-de-mineria\/","title":{"rendered":"Inician trabajos de XXXIV Convenci\u00f3n Internacional de Miner\u00eda"},"content":{"rendered":"\n<p>Acapulco, Guerrero, 19 de octubre, 2021.-\u00a0Con el lema \u201cMiner\u00eda palanca para la reactivaci\u00f3n econ\u00f3mica de M\u00e9xico\u201d, iniciaron los trabajos previos a la XXXIV Convenci\u00f3n Internacional de Miner\u00eda, que ser\u00e1 inaugurada formalmente ma\u00f1ana por la tarde en el Puerto de Acapulco, Guerrero.<\/p>\n\n\n\n<p>Las actividades que marcaron el arranque de esta convenci\u00f3n se centraron en actividades deportivas como el torneo de tenis y golf.&nbsp;<\/p>\n\n\n\n<p>De igual manera, iniciaron los trabajos de capacitaci\u00f3n y actualizaci\u00f3n como el Taz\u00f3n de Miner\u00eda, dirigido a estudiantes de las carreras afines a las ciencias de la Tierra. El evento cuenta con la participaci\u00f3n de estudiantes universitarios de estados como Sonora, Nuevo Le\u00f3n, Guanajuato, Hidalgo, Zacatecas, entre otras, quienes pusieron a prueba sus conocimientos en temas de geolog\u00eda, miner\u00eda y metalurgia.&nbsp;<\/p>\n\n\n\n<p>Ma\u00f1ana continuar\u00e1 esta competencia que tiene como objetivo acercar a los estudiantes a la miner\u00eda para que conozcan de manera m\u00e1s cercana que la industria minera es palanca de desarrollo social, econ\u00f3mico y cultural.<\/p>\n\n\n\n<p>Para impulsar el conocimiento de la miner\u00eda entre los medios de comunicaci\u00f3n comenz\u00f3&nbsp;&nbsp;los trabajos del Curso para Periodistas \u201cLa Miner\u00eda en M\u00e9xico Ante los Nuevos Desaf\u00edos\u201d, en el que Karen Flores, directora de la C\u00e1mara Minera de M\u00e9xico, dio las palabras de bienvenida a los representantes de medios de comunicaci\u00f3n escritos, electr\u00f3nicos y digitales procedentes de Sonora, Guerrero, Oaxaca, Zacatecas, Colima y Ciudad de M\u00e9xico.<\/p>\n\n\n\n<p>Los representantes de los medios de comunicaci\u00f3n conocieron de expertos, las actividades que realizan cotidianamente las mujeres y los hombres del sector para mantener a la industria como pilar del desarrollo econ\u00f3mico del pa\u00eds.<\/p>\n\n\n\n<p>El curso cont\u00f3 con la presencia de Sergio Almaz\u00e1n, presidente de la AIMMGM, quien habl\u00f3 de la situaci\u00f3n minera en M\u00e9xico. Flor de Mar\u00eda Harp, directora del Servicio Geol\u00f3gico Mexicano, toc\u00f3 el tema geolog\u00eda en la exploraci\u00f3n y otros usos; Karina Rodr\u00edguez, socia de Rodr\u00edguez Matus &amp; Feregrino, se refiri\u00f3 al marco legal y normativo de la industria minera.<\/p>\n\n\n\n<p>En su exposici\u00f3n, Alfonso Carre\u00f1o, presidente de la Comisi\u00f3n de Impuestos de la Camimex abord\u00f3 \u201cEl pago de impuestos en la miner\u00eda\u201d; Faysal Rodr\u00edguez, vicepresidente de Torex Gold M\u00e9xico, expuso \u201cProyectos sustentables en la industria minera\u201d; Alberto Arriaga, director de proyectos de infraestructura de Minera M\u00e9xico y Rodrigo Ch\u00e1vez, expusieron \u201cLa gesti\u00f3n y normatividad internacional de presas de jales\u201d.<\/p>\n\n\n\n<p>El curso concluir\u00e1 ma\u00f1ana con la participaci\u00f3n de Manuel Contreras, superintendente de medio ambiente de&nbsp;<em>Newmont&nbsp;<\/em>M\u00e9xico quien presentar\u00e1 \u201cEl proceso para el cierre de mina y remediaci\u00f3n de sitio\u201d; Doris Vega, vicepresidenta de&nbsp;<em>Women in Mining&nbsp;<\/em>M\u00e9xico, quien se referir\u00e1 a \u201cLa inclusi\u00f3n de mujeres en la miner\u00eda y Karen Flores directora de Camimex\u201d, presentar\u00e1 el tema \u201cLa miner\u00eda responsable socialmente y de pie con M\u00e9xico ante la contingencia sanitaria\u201d.<\/p>\n\n\n\n<p>Cabe mencionar que el fin de semana, el grupo de periodistas visit\u00f3 la unida minera Capela de Industrias Pe\u00f1oles, en el municipio de Tololoapan, Guerrero, una de las minas m\u00e1s modernas de M\u00e9xico, dedicada a la producci\u00f3n de concentrados de zinc, plomo y cobre, con contenidos de oro y plata.<\/p>\n","protected":false},"excerpt":{"rendered":"<p>Acapulco, Guerrero, 19 de octubre, 2021.-\u00a0Con el lema \u201cMiner\u00eda palanca para la reactivaci\u00f3n econ\u00f3mica de M\u00e9xico\u201d, iniciaron los trabajos previos a la XXXIV Convenci\u00f3n Internacional de Miner\u00eda, que ser\u00e1 inaugurada formalmente ma\u00f1ana por la tarde en el Puerto de Acapulco, Guerrero. Las actividades que marcaron el arranque de esta convenci\u00f3n se centraron en actividades deportivas [&hellip;]<\/p>\n","protected":false},"author":2,"featured_media":0,"comment_status":"open","ping_status":"closed","sticky":false,"template":"","format":"standard","meta":{"footnotes":""},"categories":[174],"tags":[60],"class_list":["post-10400","post","type-post","status-publish","format-standard","hentry","category-negocios","tag-featured"],"_links":{"self":[{"href":"https:\/\/arzatenoticias.com\/wp-json\/wp\/v2\/posts\/10400","targetHints":{"allow":["GET"]}}],"collection":[{"href":"https:\/\/arzatenoticias.com\/wp-json\/wp\/v2\/posts"}],"about":[{"href":"https:\/\/arzatenoticias.com\/wp-json\/wp\/v2\/types\/post"}],"author":[{"embeddable":true,"href":"https:\/\/arzatenoticias.com\/wp-json\/wp\/v2\/users\/2"}],"replies":[{"embeddable":true,"href":"https:\/\/arzatenoticias.com\/wp-json\/wp\/v2\/comments?post=10400"}],"version-history":[{"count":2,"href":"https:\/\/arzatenoticias.com\/wp-json\/wp\/v2\/posts\/10400\/revisions"}],"predecessor-version":[{"id":10403,"href":"https:\/\/arzatenoticias.com\/wp-json\/wp\/v2\/posts\/10400\/revisions\/10403"}],"wp:attachment":[{"href":"https:\/\/arzatenoticias.com\/wp-json\/wp\/v2\/media?parent=10400"}],"wp:term":[{"taxonomy":"category","embeddable":true,"href":"https:\/\/arzatenoticias.com\/wp-json\/wp\/v2\/categories?post=10400"},{"taxonomy":"post_tag","embeddable":true,"href":"https:\/\/arzatenoticias.com\/wp-json\/wp\/v2\/tags?post=10400"}],"curies":[{"name":"wp","href":"https:\/\/api.w.org\/{rel}","templated":true}]}}