{"id":10147,"date":"2021-09-30T17:54:15","date_gmt":"2021-09-30T22:54:15","guid":{"rendered":"https:\/\/arzatenoticias.com\/?p=10147"},"modified":"2021-10-01T18:51:49","modified_gmt":"2021-10-01T23:51:49","slug":"sube-banxico-a-4-75-tasa-de-interes-inflacion-hacia-arriba","status":"publish","type":"post","link":"https:\/\/arzatenoticias.com\/2021\/09\/30\/sube-banxico-a-4-75-tasa-de-interes-inflacion-hacia-arriba\/","title":{"rendered":"Eleva Banxico tasa de inter\u00e9s a 4.75%; inflaci\u00f3n hacia arriba"},"content":{"rendered":"\n<p>Ciudad de M\u00e9xico, 30 de septiembre, 2021.- La Junta de Gobierno del Banco de M\u00e9xico inform\u00f3 que decidi\u00f3 incrementar en 25 puntos base la Tasa de Inter\u00e9s Interbancaria para quedar en 4.75%, con efectos a partir del 1 de octubre de 2021.<\/p>\n\n\n\n<p>El organismo emiti\u00f3 un comunicado de prensa en el que estableci\u00f3 que la decisi\u00f3n de subir la tasa es por las presiones inflacionarias que se han presentado en la econom\u00eda mexicana.<\/p>\n\n\n\n<p>Indic\u00f3 que con el fin de evitar dichos riesgos se consider\u00f3 necesario reforzar la postura monetaria, ajust\u00e1ndola a la trayectoria que se requiere para que la inflaci\u00f3n converja a su meta de 3% en el horizonte de pron\u00f3stico.<\/p>\n\n\n\n<p>La Junta de Gobierno tambi\u00e9n actualiz\u00f3 al alza sus pron\u00f3sticos de inflaci\u00f3n de los siguientes trimestres: estiman que al cierre de este a\u00f1o, la inflaci\u00f3n sea de 6.2% contra 5.7% estimado anteriormente.<\/p>\n\n\n\n<p>Estim\u00f3 que ser\u00e1 hasta el tercer trimestre del 2022 cuando la inflaci\u00f3n converga en la meta de 3% +\/- un punto porcentual y no en el segundo trimestre esperado previamente, indic\u00f3 el \u00f3rgano aut\u00f3nomo.<\/p>\n","protected":false},"excerpt":{"rendered":"<p>Ciudad de M\u00e9xico, 30 de septiembre, 2021.- La Junta de Gobierno del Banco de M\u00e9xico inform\u00f3 que decidi\u00f3 incrementar en 25 puntos base la Tasa de Inter\u00e9s Interbancaria para quedar en 4.75%, con efectos a partir del 1 de octubre de 2021. El organismo emiti\u00f3 un comunicado de prensa en el que estableci\u00f3 que la [&hellip;]<\/p>\n","protected":false},"author":2,"featured_media":0,"comment_status":"open","ping_status":"closed","sticky":false,"template":"","format":"standard","meta":{"footnotes":""},"categories":[174],"tags":[60],"class_list":["post-10147","post","type-post","status-publish","format-standard","hentry","category-negocios","tag-featured"],"_links":{"self":[{"href":"https:\/\/arzatenoticias.com\/wp-json\/wp\/v2\/posts\/10147","targetHints":{"allow":["GET"]}}],"collection":[{"href":"https:\/\/arzatenoticias.com\/wp-json\/wp\/v2\/posts"}],"about":[{"href":"https:\/\/arzatenoticias.com\/wp-json\/wp\/v2\/types\/post"}],"author":[{"embeddable":true,"href":"https:\/\/arzatenoticias.com\/wp-json\/wp\/v2\/users\/2"}],"replies":[{"embeddable":true,"href":"https:\/\/arzatenoticias.com\/wp-json\/wp\/v2\/comments?post=10147"}],"version-history":[{"count":2,"href":"https:\/\/arzatenoticias.com\/wp-json\/wp\/v2\/posts\/10147\/revisions"}],"predecessor-version":[{"id":10168,"href":"https:\/\/arzatenoticias.com\/wp-json\/wp\/v2\/posts\/10147\/revisions\/10168"}],"wp:attachment":[{"href":"https:\/\/arzatenoticias.com\/wp-json\/wp\/v2\/media?parent=10147"}],"wp:term":[{"taxonomy":"category","embeddable":true,"href":"https:\/\/arzatenoticias.com\/wp-json\/wp\/v2\/categories?post=10147"},{"taxonomy":"post_tag","embeddable":true,"href":"https:\/\/arzatenoticias.com\/wp-json\/wp\/v2\/tags?post=10147"}],"curies":[{"name":"wp","href":"https:\/\/api.w.org\/{rel}","templated":true}]}}